{"id":6698,"date":"2017-06-17T11:46:05","date_gmt":"2017-06-17T10:46:05","guid":{"rendered":"http:\/\/artsetculture.fr\/?p=6698"},"modified":"2017-11-21T13:05:52","modified_gmt":"2017-11-21T12:05:52","slug":"merci-detre-velu-une-histoire-du-poil","status":"publish","type":"post","link":"https:\/\/artsetculture.fr\/index.php\/2017\/06\/17\/merci-detre-velu-une-histoire-du-poil\/","title":{"rendered":"Merci d&rsquo;\u00eatre velu !      Une histoire du poil&#8230;"},"content":{"rendered":"<h4><strong>Conf\u00e9rences 2017-2018<\/strong>\u00a0 \u00a0 \u00a0 \u00a0 \u00a0 \u00a0 \u00a0 \u00a0<span style=\"color: #0000ff;\"><strong>Pierre-Alain Mallet<\/strong><\/span><\/h4>\n<p style=\"text-align: justify;\"><em>Loin derri\u00e8re le bruit et la fureur de la grande <img loading=\"lazy\" decoding=\"async\" class=\" wp-image-6909 alignright\" src=\"http:\/\/artsetculture.fr\/wp-content\/uploads\/2017\/08\/498px-Mona_Lisa_moustache-195x300.jpg\" alt=\"498px-Mona_Lisa_moustache\" width=\"153\" height=\"236\" srcset=\"https:\/\/artsetculture.fr\/wp-content\/uploads\/2017\/08\/498px-Mona_Lisa_moustache-195x300.jpg 195w, https:\/\/artsetculture.fr\/wp-content\/uploads\/2017\/08\/498px-Mona_Lisa_moustache.jpg 498w\" sizes=\"auto, (max-width: 153px) 100vw, 153px\" \/>Histoire, faite de guerres, de domination ou de souverains flamboyants, il existe une histoire si discr\u00e8te qu&rsquo;elle passa m\u00eame parfois inaper\u00e7ue de ceux qui l&rsquo;ont v\u00e9cue. Aujourd&rsquo;hui encore, nous savons d\u00e9coder et juger nos contemporains en fonction de la\u00a0longueur de leurs cheveux, leur barbe ou leur moustache sans y r\u00e9fl\u00e9chir r\u00e9ellement.\u00a0Pourtant ces opinions sont les h\u00e9riti\u00e8res inconscientes de tout un monde d&rsquo;images transmis par les l\u00e9gendes, l&rsquo;histoire, les romans ou les expressions populaires. Ne coupons pas les cheveux en Quatre ! Ces conf\u00e9rences, sans \u00eatre barbantes, ni rasoir, mais parfois un peu tir\u00e9es par les cheveux, et en prenant \u00e0 rebrousse poil vos certitudes, tenteront de vous prouver qu&rsquo;avoir du poil au menton, ne vous rend pas \u00e0 coup s\u00fbr de mauvais poil \u00a0!!!<\/em><\/p>\n<p style=\"text-align: justify;\"><span style=\"color: #000000;\"><em>Pierre-Alain Mallet<\/em><\/span><\/p>\n<h5 style=\"text-align: justify;\"><a href=\"http:\/\/artsetculture.fr\/index.php\/event\/poils1\/\"><strong>12\u00a0octobre\u00a02016<\/strong><\/a>\u00a0 \u00a0 \u00a0 \u00a0 \u00a0 \u00a0 \u00a0 \u00a0 \u00a0 \u00a0<strong><em>Histoire de cheveux et de couleurs<\/em><\/strong><\/h5>\n<p class=\"alignnone\" style=\"text-align: justify;\"><img loading=\"lazy\" decoding=\"async\" class=\"alignleft wp-image-6358\" src=\"http:\/\/artsetculture.fr\/wp-content\/uploads\/2017\/05\/Poil1-C1-240x300.jpg\" alt=\"Poil1-C1\" width=\"175\" height=\"218\" srcset=\"https:\/\/artsetculture.fr\/wp-content\/uploads\/2017\/05\/Poil1-C1-240x300.jpg 240w, https:\/\/artsetculture.fr\/wp-content\/uploads\/2017\/05\/Poil1-C1.jpg 318w\" sizes=\"auto, (max-width: 175px) 100vw, 175px\" \/>D\u2019H\u00e9l\u00e8ne la Blonde \u00e0 Julie la Rousse, de Samson aux beatniks, une histoire des femmes et des hommes dont la chevelure changea l\u2019histoire. Mais aussi de tous ceux qui durent respecter les normes de leur \u00e9poque, des normes toujours changeantes. O\u00f9 l\u2019on d\u00e9couvrira que la couleur, vraie ou fausse, l\u2019ondulation, ou bien la longueur des cheveux ne furent jamais anodines.<\/p>\n<h5 style=\"text-align: left;\"><a href=\"http:\/\/artsetculture.fr\/index.php\/event\/poils2\/\"><strong>19 octobre 2017<\/strong><\/a>\u00a0 \u00a0 \u00a0 \u00a0 \u00a0 \u00a0 \u00a0 \u00a0 \u00a0 \u00a0\u00a0<em>Malheur aux barbus<\/em><\/h5>\n<p style=\"text-align: justify;\"><img loading=\"lazy\" decoding=\"async\" class=\"alignright wp-image-6360\" src=\"http:\/\/artsetculture.fr\/wp-content\/uploads\/2017\/05\/Barbus-297x300.jpg\" alt=\"Barbus\" width=\"175\" height=\"177\" srcset=\"https:\/\/artsetculture.fr\/wp-content\/uploads\/2017\/05\/Barbus-297x300.jpg 297w, https:\/\/artsetculture.fr\/wp-content\/uploads\/2017\/05\/Barbus.jpg 368w\" sizes=\"auto, (max-width: 175px) 100vw, 175px\" \/>\u00a0Charlemagne avait-il la barbe fleurie ? Qu\u2019avaient en commun Barberousse, Barbe noire et Barbe-bleue ? Pourquoi Pierre le Grand la taxa-t-il ? De la barbe des philosophes grecs \u00e0 celle des ministres de la IIIe r\u00e9publique, du bouc \u00e0 la barbiche, de la barbe longue \u00e0 celle de 3 jours, un d\u00e9cryptage du plus important signe de virilit\u00e9 de l\u2019histoire \u2026 ou de barbarie.<\/p>\n<h5><a href=\"http:\/\/artsetculture.fr\/index.php\/event\/poils3\/\"><strong>9 \u00a0Novembre 2017<\/strong>\u00a0<\/a>\u00a0 \u00a0 \u00a0 \u00a0 \u00a0 \u00a0 \u00a0 \u00a0\u00a0<strong><em>Tous les mots sont fins quand <span style=\"color: #ffffff;\">______________________ ____ \u00a0____<\/span> la<span style=\"color: #ffffff;\">_<\/span>moustache est fine<\/em><\/strong><\/h5>\n<p style=\"text-align: justify;\">La Barbe est une chose, la moustache en est une autre. Sa taille et son entretien sont autrement plus complexes. Pourquoi crayonne-t-<img loading=\"lazy\" decoding=\"async\" class=\"wp-image-6363 alignleft\" src=\"http:\/\/artsetculture.fr\/wp-content\/uploads\/2017\/05\/Dali-C1-300x230.jpg\" alt=\"Dali-C1\" width=\"218\" height=\"167\" srcset=\"https:\/\/artsetculture.fr\/wp-content\/uploads\/2017\/05\/Dali-C1-300x230.jpg 300w, https:\/\/artsetculture.fr\/wp-content\/uploads\/2017\/05\/Dali-C1.jpg 358w\" sizes=\"auto, (max-width: 218px) 100vw, 218px\" \/>on une moustache sur un portrait pour le ridiculiser ?\u00a0 Qui connait encore l\u2019usage d\u2019un fer \u00e0 friser les moustaches ou les joies du fixe-moustache pour la nuit ? Un voyage dans le raffinement de l\u2019\u00e9l\u00e9gance capillaire.<\/p>\n<h5 style=\"text-align: justify;\"><\/h5>\n<h5 style=\"text-align: justify;\"><strong><a href=\"http:\/\/artsetculture.fr\/index.php\/event\/poils5\/\">16 Novembre 2017<\/a><\/strong>\u00a0 \u00a0 \u00a0 \u00a0 \u00a0 \u00a0 \u00a0 \u00a0 \u00a0<strong><em>Perruques et postiches<\/em><\/strong><\/h5>\n<p style=\"text-align: justify;\"><img loading=\"lazy\" decoding=\"async\" class=\"wp-image-6376 alignright\" src=\"http:\/\/artsetculture.fr\/wp-content\/uploads\/2017\/05\/Postiche-C2-223x300.jpg\" alt=\"Postiche-C2\" width=\"175\" height=\"236\" srcset=\"https:\/\/artsetculture.fr\/wp-content\/uploads\/2017\/05\/Postiche-C2-223x300.jpg 223w, https:\/\/artsetculture.fr\/wp-content\/uploads\/2017\/05\/Postiche-C2.jpg 339w\" sizes=\"auto, (max-width: 175px) 100vw, 175px\" \/>Le sphinx du Louvre porte une fausse barbe et le scribe accroupi une perruque. Voil\u00e0 les anc\u00eatres de cette folie de la perruque sans laquelle nous n\u2019imaginons pas la cour de Louis XIV. Th\u00e9\u00e2tres, gens de justice, prostitu\u00e9es, nombreux furent ceux \u00e0 y avoir recours.\u00a0 Pourquoi ces postiches et comment les fabriquait-on, voil\u00e0 les questions auxquelles r\u00e9pondra cette conf\u00e9rence ? \u00a0 \u00a0 \u00a0 \u00a0 \u00a0 \u00a0 \u00a0 \u00a0 \u00a0<span style=\"color: #ffffff;\">\u00a0_<\/span><\/p>\n<h5><a href=\"http:\/\/artsetculture.fr\/index.php\/event\/poils4\/\"><strong>23 Novembre 2017<\/strong><\/a>\u00a0 \u00a0 \u00a0 \u00a0 \u00a0 \u00a0 \u00a0 \u00a0 \u00a0<em>Eloge de la calvitie<\/em><\/h5>\n<p style=\"text-align: justify;\"><img loading=\"lazy\" decoding=\"async\" class=\"alignnone wp-image-6372 alignleft\" src=\"http:\/\/artsetculture.fr\/wp-content\/uploads\/2017\/05\/Head_old_Roman_WEB-202x300.jpg\" width=\"175\" height=\"260\" srcset=\"https:\/\/artsetculture.fr\/wp-content\/uploads\/2017\/05\/Head_old_Roman_WEB-202x300.jpg 202w, https:\/\/artsetculture.fr\/wp-content\/uploads\/2017\/05\/Head_old_Roman_WEB.jpg 302w\" sizes=\"auto, (max-width: 175px) 100vw, 175px\" \/>Quand le poil est vulgaire, reste la calvitie. Certaines religions ou peuples mirent en avant les bienfaits et l\u2019\u00e9l\u00e9gance des chauves ou des tonsur\u00e9s. D\u2019autres se d\u00e9sesp\u00e9r\u00e8rent de cette chute r\u00e9guli\u00e8re.\u00a0Le poil se vit parfois chass\u00e9 pour des raisons d\u2019hygi\u00e8ne ou de vulgarit\u00e9, ne le rendant que plus \u00e9vident dans son absence. Et la chasse aux poils se poursuivit alors en des endroits plus secrets, plus intimes&#8230;<\/p>\n<p style=\"text-align: justify;\"><span style=\"color: #ffffff;\">__________________________________________________________<\/span><\/p>\n<p style=\"text-align: left;\"><strong><em>\u00a0 \u00a0 \u00a0 \u00a0 \u00a0 \u00a0 \u00a0 \u00a0 \u00a0 \u00a0 \u00a0<a href=\"http:\/\/artsetculture.fr\/index.php\/activites1\/programmesaison\/\"> Programme de la saison<\/a>\u00a0 \u00a0 \u00a0 \u00a0 \u00a0 \u00a0 \u00a0 \u00a0 \u00a0 \u00a0 \u00a0 \u00a0 \u00a0 \u00a0 \u00a0 \u00a0 \u00a0 \u00a0 \u00a0 \u00a0\u00a0<a href=\"http:\/\/artsetculture.fr\/index.php\/activites-2\/agenda\/\">Agenda<\/a>\u00a0 \u00a0 \u00a0 \u00a0<\/em><\/strong><\/p>\n<p style=\"text-align: left;\">\u00a0 \u00a0 \u00a0 \u00a0 \u00a0 \u00a0 \u00a0 \u00a0 \u00a0 \u00a0 \u00a0 \u00a0 \u00a0 \u00a0 \u00a0 \u00a0 \u00a0 \u00a0 \u00a0 \u00a0 \u00a0\u00a0 \u00a0 \u00a0 \u00a0 \u00a0 \u00a0 \u00a0 \u00a0<a href=\"http:\/\/artsetculture.fr\/index.php\/infos-pratiques-2\/conditions\/\"><em><strong> Informations pratiques<\/strong><\/em><\/a><\/p>\n<h1><strong><a href=\"http:\/\/artsetculture.fr\/index.php\/2017\/08\/12\/merci-detre-velu-une-histoire-du-poil\/\">\u00a0\u00a0\u00a0\u00a0\u00a0\u00a0\u00a0\u00a0\u00a0\u00a0\u00a0\u00a0\u00a0\u00a0\u00a0\u00a0\u00a0\u00a0\u00a0\u00a0\u00a0\u00a0\u00a0\u00a0\u00a0\u00a0\u00a0\u00a0\u00a0\u00a0\u00a0\u00a0\u00a0\u00a0\u00a0\u00a0\u00a0\u00a0\u00a0\u00a0\u00a0\u00a0\u00a0\u00a0\u00a0\u00a0\u00a0\u00a0\u00a0\u00a0\u00a0\u00a0\u00a0\u00a0\u00a0\u00a0\u00a0\u00a0\u00a0\u00a0\u00a0\u00a0\u00a0\u00a0\u00a0 \u00a0 \u00a0\u00a0 \u00a0\u00a0\u00a0\u00a0\u00a0\u00a0\u00a0\u00a0\u00a0\u00a0\u00a0\u00a0\u00a0\u00a0\u00a0 \u21d1<\/a><\/strong><\/h1>\n","protected":false},"excerpt":{"rendered":"<p>Conf\u00e9rences 2017-2018\u00a0 \u00a0 \u00a0 \u00a0 \u00a0 \u00a0 \u00a0 \u00a0Pierre-Alain Mallet Loin derri\u00e8re le bruit et la fureur de la grande Histoire, faite de guerres, de domination ou de souverains flamboyants, il existe une histoire si discr\u00e8te qu&rsquo;elle passa m\u00eame parfois inaper\u00e7ue de ceux qui l&rsquo;ont v\u00e9cue. Aujourd&rsquo;hui encore, nous savons d\u00e9coder et juger nos contemporains &hellip; <a href=\"https:\/\/artsetculture.fr\/index.php\/2017\/06\/17\/merci-detre-velu-une-histoire-du-poil\/\" class=\"more-link\">Continuer la lecture de <span class=\"screen-reader-text\">Merci d&rsquo;\u00eatre velu !      Une histoire du poil&#8230;<\/span>  <span class=\"meta-nav\">&rarr;<\/span><\/a><\/p>\n","protected":false},"author":1,"featured_media":0,"comment_status":"closed","ping_status":"closed","sticky":false,"template":"","format":"standard","meta":{"footnotes":""},"categories":[10],"tags":[],"class_list":["post-6698","post","type-post","status-publish","format-standard","hentry","category-conferences"],"_links":{"self":[{"href":"https:\/\/artsetculture.fr\/index.php\/wp-json\/wp\/v2\/posts\/6698","targetHints":{"allow":["GET"]}}],"collection":[{"href":"https:\/\/artsetculture.fr\/index.php\/wp-json\/wp\/v2\/posts"}],"about":[{"href":"https:\/\/artsetculture.fr\/index.php\/wp-json\/wp\/v2\/types\/post"}],"author":[{"embeddable":true,"href":"https:\/\/artsetculture.fr\/index.php\/wp-json\/wp\/v2\/users\/1"}],"replies":[{"embeddable":true,"href":"https:\/\/artsetculture.fr\/index.php\/wp-json\/wp\/v2\/comments?post=6698"}],"version-history":[{"count":28,"href":"https:\/\/artsetculture.fr\/index.php\/wp-json\/wp\/v2\/posts\/6698\/revisions"}],"predecessor-version":[{"id":7501,"href":"https:\/\/artsetculture.fr\/index.php\/wp-json\/wp\/v2\/posts\/6698\/revisions\/7501"}],"wp:attachment":[{"href":"https:\/\/artsetculture.fr\/index.php\/wp-json\/wp\/v2\/media?parent=6698"}],"wp:term":[{"taxonomy":"category","embeddable":true,"href":"https:\/\/artsetculture.fr\/index.php\/wp-json\/wp\/v2\/categories?post=6698"},{"taxonomy":"post_tag","embeddable":true,"href":"https:\/\/artsetculture.fr\/index.php\/wp-json\/wp\/v2\/tags?post=6698"}],"curies":[{"name":"wp","href":"https:\/\/api.w.org\/{rel}","templated":true}]}}