{"id":516,"date":"2016-03-31T11:29:21","date_gmt":"2016-03-31T10:29:21","guid":{"rendered":"http:\/\/artsetculture.fr\/?p=516"},"modified":"2016-08-10T12:54:06","modified_gmt":"2016-08-10T11:54:06","slug":"histoire-et-arts-de-la-coree","status":"publish","type":"post","link":"https:\/\/artsetculture.fr\/index.php\/2016\/03\/31\/histoire-et-arts-de-la-coree\/","title":{"rendered":"Histoire et Arts de la Cor\u00e9e"},"content":{"rendered":"<h4 style=\"text-align: left;\">Conf\u00e9rences 2015-2016 &#8211; <span style=\"color: #0000ff;\">Mme Hay-Won Forgione<br \/>\n<\/span><\/h4>\n<p style=\"text-align: left;\"><strong>31 mars 2016 \u00a0 \u00a0 \u00a0 \u00a0 \u00a0\u00a0<em>La Cor\u00e9e des origines \u00e0 l&rsquo;unification Silla (Xe si\u00e8cle)<\/em><\/strong><\/p>\n<p style=\"text-align: justify;\"><img loading=\"lazy\" decoding=\"async\" class=\"alignleft wp-image-519\" src=\"http:\/\/artsetculture.fr\/wp-content\/uploads\/2016\/01\/couronne-silla-WEB-256x300.jpg\" alt=\"couronne-silla-WEB\" width=\"150\" height=\"175\" srcset=\"https:\/\/artsetculture.fr\/wp-content\/uploads\/2016\/01\/couronne-silla-WEB-256x300.jpg 256w, https:\/\/artsetculture.fr\/wp-content\/uploads\/2016\/01\/couronne-silla-WEB.jpg 336w\" sizes=\"auto, (max-width: 150px) 100vw, 150px\" \/>Une pr\u00e9sentation g\u00e9n\u00e9rale historique de la Cor\u00e9e permet de comprendre le contexte g\u00e9ographique. La Chine et les peuples des steppes influencent consid\u00e9rablement la Cor\u00e9e dans le domaine artistique, en particulier l&rsquo;art du m\u00e9tal et le c\u00e9ladon mais identit\u00e9 cor\u00e9enne s&rsquo;affirme peu \u00e0 peu.<\/p>\n<p style=\"text-align: left;\"><strong>7 avril 2016<\/strong>\u00a0\u00a0\u00a0\u00a0 \u00a0 \u00a0\u00a0<em><strong>L&rsquo;\u00e9poque Choson, dynastie Yi (XVe si\u00e8cle \u2013 XIXe si\u00e8cle)<\/strong><\/em><\/p>\n<p style=\"text-align: justify;\"><img loading=\"lazy\" decoding=\"async\" class=\"alignleft wp-image-521\" src=\"http:\/\/artsetculture.fr\/wp-content\/uploads\/2016\/01\/jarre-\u00e9poque-choson-150x150.jpg\" alt=\"jarre \u00e9poque choson\" width=\"130\" height=\"130\" srcset=\"https:\/\/artsetculture.fr\/wp-content\/uploads\/2016\/01\/jarre-\u00e9poque-choson-150x150.jpg 150w, https:\/\/artsetculture.fr\/wp-content\/uploads\/2016\/01\/jarre-\u00e9poque-choson-300x300.jpg 300w, https:\/\/artsetculture.fr\/wp-content\/uploads\/2016\/01\/jarre-\u00e9poque-choson.jpg 400w\" sizes=\"auto, (max-width: 130px) 100vw, 130px\" \/><img loading=\"lazy\" decoding=\"async\" class=\"alignright wp-image-532\" src=\"http:\/\/artsetculture.fr\/wp-content\/uploads\/2016\/01\/masque-\u00e9poque-choson-WEB-204x300.jpg\" alt=\"masque \u00e9poque choson-WEB\" width=\"88\" height=\"130\" srcset=\"https:\/\/artsetculture.fr\/wp-content\/uploads\/2016\/01\/masque-\u00e9poque-choson-WEB-204x300.jpg 204w, https:\/\/artsetculture.fr\/wp-content\/uploads\/2016\/01\/masque-\u00e9poque-choson-WEB.jpg 285w\" sizes=\"auto, (max-width: 88px) 100vw, 88px\" \/>L&rsquo;\u00e9poque Choson permet de consolider et d&rsquo;enrichir l&rsquo;identit\u00e9 cor\u00e9enne. Nous porterons un regard plus particulier sur les arts de la vie quotidienne et les croyances populaires de la fin du XVIIIe et\u00a0\u00a0\u00a0\u00a0 du XIXe si\u00e8cle.<\/p>\n<p style=\"text-align: left;\"><strong>14 avril 2016<\/strong>\u00a0\u00a0\u00a0\u00a0 \u00a0 \u00a0\u00a0<em><strong>De la spiritualit\u00e9<\/strong><\/em><\/p>\n<p style=\"text-align: justify;\"><img loading=\"lazy\" decoding=\"async\" class=\"alignleft wp-image-523 size-thumbnail\" src=\"http:\/\/artsetculture.fr\/wp-content\/uploads\/2016\/01\/Jogyesa-buddhist-temple-028-WEB-150x150.jpg\" alt=\"Jogyesa buddhist temple 028-WEB\" width=\"150\" height=\"150\" \/>Le bouddhisme est introduit en Cor\u00e9e au quatri\u00e8me si\u00e8cle alors que le chamanisme \u00e9tait la seule religion. Les deux pens\u00e9es fusionnent et cr\u00e9ent le bouddhisme Cor\u00e9en. Le confucianisme est \u00e9galement une religion dominante dans le pays. \u00c0 partir du XVIIIe si\u00e8cle, les missionnaires chr\u00e9tiens introduisent le catholicisme en Cor\u00e9e.<\/p>\n<p style=\"text-align: left;\"><strong>21 avril 2016<\/strong>\u00a0\u00a0\u00a0\u00a0 \u00a0 \u00a0\u00a0<em><strong>Les relations France \u2013 Cor\u00e9e (19e \u2013 XXe si\u00e8cle)<\/strong><\/em><\/p>\n<p style=\"text-align: left;\">Apr\u00e8s l&rsquo;arriv\u00e9e des premiers missionnaires, les relations diplomatiques entre la France et la Cor\u00e9e se d\u00e9veloppe. Au XXe si\u00e8cle, de nombreux artistes Cor\u00e9ens viennent travailler en France.<img loading=\"lazy\" decoding=\"async\" class=\"aligncenter wp-image-524 size-medium\" src=\"http:\/\/artsetculture.fr\/wp-content\/uploads\/2016\/01\/temple-bouddhiste-coreen-de-dobongsan-WEB-300x200.jpg\" alt=\"temple bouddhiste coreen de dobongsan-WEB\" width=\"300\" height=\"200\" srcset=\"https:\/\/artsetculture.fr\/wp-content\/uploads\/2016\/01\/temple-bouddhiste-coreen-de-dobongsan-WEB-300x200.jpg 300w, https:\/\/artsetculture.fr\/wp-content\/uploads\/2016\/01\/temple-bouddhiste-coreen-de-dobongsan-WEB.jpg 448w\" sizes=\"auto, (max-width: 300px) 100vw, 300px\" \/><\/p>\n<p style=\"text-align: left;\"><em><strong><a href=\"http:\/\/artsetculture.fr\/index.php\/activites-2\/agenda\/\">Agenda<\/a>\u00a0\u00a0\u00a0\u00a0\u00a0\u00a0\u00a0\u00a0\u00a0\u00a0\u00a0\u00a0\u00a0\u00a0\u00a0\u00a0\u00a0\u00a0\u00a0\u00a0\u00a0\u00a0\u00a0\u00a0\u00a0\u00a0\u00a0\u00a0\u00a0\u00a0\u00a0\u00a0\u00a0\u00a0\u00a0\u00a0\u00a0\u00a0\u00a0\u00a0\u00a0\u00a0\u00a0\u00a0\u00a0\u00a0\u00a0\u00a0\u00a0\u00a0\u00a0\u00a0\u00a0\u00a0\u00a0\u00a0\u00a0\u00a0\u00a0<a href=\"http:\/\/artsetculture.fr\/index.php\/activites-2\/conferences\/\"> Programme des conf\u00e9rences<\/a><\/strong><\/em><\/p>\n<h1><strong><a href=\"http:\/\/artsetculture.fr\/index.php\/2016\/01\/30\/histoire-et-arts-de-la-coree\/\">\u00a0\u00a0\u00a0\u00a0\u00a0\u00a0\u00a0\u00a0\u00a0\u00a0\u00a0\u00a0\u00a0\u00a0\u00a0\u00a0\u00a0\u00a0\u00a0\u00a0\u00a0\u00a0\u00a0\u00a0\u00a0\u00a0\u00a0\u00a0\u00a0\u00a0\u00a0\u00a0\u00a0\u00a0\u00a0\u00a0\u00a0\u00a0\u00a0\u00a0\u00a0\u00a0\u00a0\u00a0\u00a0\u00a0\u00a0\u00a0\u00a0\u00a0\u00a0\u00a0\u00a0\u00a0\u00a0\u00a0\u00a0\u00a0\u00a0\u00a0\u00a0\u00a0\u00a0\u00a0\u00a0\u00a0\u00a0\u00a0\u00a0\u00a0\u00a0\u00a0\u00a0\u00a0\u00a0\u00a0\u00a0\u00a0\u00a0\u00a0\u00a0\u00a0 \u21d1 <\/a><\/strong><\/h1>\n","protected":false},"excerpt":{"rendered":"<p>Conf\u00e9rences 2015-2016 &#8211; Mme Hay-Won Forgione 31 mars 2016 \u00a0 \u00a0 \u00a0 \u00a0 \u00a0\u00a0La Cor\u00e9e des origines \u00e0 l&rsquo;unification Silla (Xe si\u00e8cle) Une pr\u00e9sentation g\u00e9n\u00e9rale historique de la Cor\u00e9e permet de comprendre le contexte g\u00e9ographique. La Chine et les peuples des steppes influencent consid\u00e9rablement la Cor\u00e9e dans le domaine artistique, en particulier l&rsquo;art du m\u00e9tal &hellip; <a href=\"https:\/\/artsetculture.fr\/index.php\/2016\/03\/31\/histoire-et-arts-de-la-coree\/\" class=\"more-link\">Continuer la lecture de <span class=\"screen-reader-text\">Histoire et Arts de la Cor\u00e9e<\/span>  <span class=\"meta-nav\">&rarr;<\/span><\/a><\/p>\n","protected":false},"author":1,"featured_media":0,"comment_status":"closed","ping_status":"open","sticky":false,"template":"","format":"standard","meta":{"footnotes":""},"categories":[10],"tags":[],"class_list":["post-516","post","type-post","status-publish","format-standard","hentry","category-conferences"],"_links":{"self":[{"href":"https:\/\/artsetculture.fr\/index.php\/wp-json\/wp\/v2\/posts\/516","targetHints":{"allow":["GET"]}}],"collection":[{"href":"https:\/\/artsetculture.fr\/index.php\/wp-json\/wp\/v2\/posts"}],"about":[{"href":"https:\/\/artsetculture.fr\/index.php\/wp-json\/wp\/v2\/types\/post"}],"author":[{"embeddable":true,"href":"https:\/\/artsetculture.fr\/index.php\/wp-json\/wp\/v2\/users\/1"}],"replies":[{"embeddable":true,"href":"https:\/\/artsetculture.fr\/index.php\/wp-json\/wp\/v2\/comments?post=516"}],"version-history":[{"count":14,"href":"https:\/\/artsetculture.fr\/index.php\/wp-json\/wp\/v2\/posts\/516\/revisions"}],"predecessor-version":[{"id":1862,"href":"https:\/\/artsetculture.fr\/index.php\/wp-json\/wp\/v2\/posts\/516\/revisions\/1862"}],"wp:attachment":[{"href":"https:\/\/artsetculture.fr\/index.php\/wp-json\/wp\/v2\/media?parent=516"}],"wp:term":[{"taxonomy":"category","embeddable":true,"href":"https:\/\/artsetculture.fr\/index.php\/wp-json\/wp\/v2\/categories?post=516"},{"taxonomy":"post_tag","embeddable":true,"href":"https:\/\/artsetculture.fr\/index.php\/wp-json\/wp\/v2\/tags?post=516"}],"curies":[{"name":"wp","href":"https:\/\/api.w.org\/{rel}","templated":true}]}}