{"id":12416,"date":"2022-08-18T18:07:59","date_gmt":"2022-08-18T17:07:59","guid":{"rendered":"http:\/\/artsetculture.fr\/?p=12416"},"modified":"2023-03-09T10:49:15","modified_gmt":"2023-03-09T09:49:15","slug":"en-ce-moment-63","status":"publish","type":"post","link":"https:\/\/artsetculture.fr\/index.php\/2022\/08\/18\/en-ce-moment-63\/","title":{"rendered":"En ce moment&#8230;"},"content":{"rendered":"<h6 style=\"text-align: justify;\"><span style=\"color: #800000;\">Chers adh\u00e9rents<\/span><\/h6>\n<h4 style=\"text-align: center;\"><\/h4>\n<h6 style=\"text-align: justify;\"><span style=\"color: #0000ff;\"><strong><span style=\"color: #0000ff;\"><em><br \/>\n<img loading=\"lazy\" decoding=\"async\" class=\"wp-image-12422 alignright\" src=\"http:\/\/artsetculture.fr\/wp-content\/uploads\/2022\/08\/780196-exposition-une-seconde-d-eternite-a-la-bourse-de-commerce-300x200.jpg\" alt=\"780196-exposition-une-seconde-d-eternite-a-la-bourse-de-commerce\" width=\"140\" height=\"94\" srcset=\"https:\/\/artsetculture.fr\/wp-content\/uploads\/2022\/08\/780196-exposition-une-seconde-d-eternite-a-la-bourse-de-commerce-300x200.jpg 300w, https:\/\/artsetculture.fr\/wp-content\/uploads\/2022\/08\/780196-exposition-une-seconde-d-eternite-a-la-bourse-de-commerce-768x511.jpg 768w, https:\/\/artsetculture.fr\/wp-content\/uploads\/2022\/08\/780196-exposition-une-seconde-d-eternite-a-la-bourse-de-commerce-1024x682.jpg 1024w, https:\/\/artsetculture.fr\/wp-content\/uploads\/2022\/08\/780196-exposition-une-seconde-d-eternite-a-la-bourse-de-commerce.jpg 1250w\" sizes=\"auto, (max-width: 140px) 100vw, 140px\" \/> <\/em><\/span><\/strong><\/span><\/h6>\n<h6 style=\"text-align: justify;\"><span style=\"color: #0000ff;\"><strong><span style=\"color: #0000ff;\"><em>\u00a0Apr\u00e8s ces deux ann\u00e9es perturb\u00e9es, nous red\u00e9marrons une saison que nous avons voulue riche et vari\u00e9e et dont nous esp\u00e9rons que vous pourrez pleinement profiter.<\/em><\/span><\/strong><\/span><\/h6>\n<p><span style=\"color: #ffffff;\">_____________________________________<\/span><\/p>\n<h5><span style=\"color: #800000;\">3\u00a0 septembre &#8211; Forum des associations\u00a0<strong><img loading=\"lazy\" decoding=\"async\" class=\" wp-image-12418 alignright\" src=\"http:\/\/artsetculture.fr\/wp-content\/uploads\/2022\/08\/Forum-300x276.jpg\" alt=\"Forum\" width=\"132\" height=\"121\" srcset=\"https:\/\/artsetculture.fr\/wp-content\/uploads\/2022\/08\/Forum-300x276.jpg 300w, https:\/\/artsetculture.fr\/wp-content\/uploads\/2022\/08\/Forum.jpg 674w\" sizes=\"auto, (max-width: 132px) 100vw, 132px\" \/><\/strong><\/span><\/h5>\n<p style=\"text-align: justify;\">Retrouvons-nous d&rsquo;abord au forum pour \u00e9changer les souvenirs de vacances et vous r\u00e9inscrire rapidement aux visites qui sont toujours tr\u00e8s demand\u00e9es.<\/p>\n<h5 style=\"text-align: justify;\"><img loading=\"lazy\" decoding=\"async\" class=\" wp-image-12407 alignright\" src=\"http:\/\/artsetculture.fr\/wp-content\/uploads\/2022\/08\/talus-de-mars-iv-encre-et-aquarelle-sur-papier-94-x-995-cm-2019_46553071344_o-300x283.jpg\" alt=\"talus-de-mars-iv-encre-et-aquarelle-sur-papier-94-x-995-cm-2019_46553071344_o\" width=\"133\" height=\"125\" srcset=\"https:\/\/artsetculture.fr\/wp-content\/uploads\/2022\/08\/talus-de-mars-iv-encre-et-aquarelle-sur-papier-94-x-995-cm-2019_46553071344_o-300x283.jpg 300w, https:\/\/artsetculture.fr\/wp-content\/uploads\/2022\/08\/talus-de-mars-iv-encre-et-aquarelle-sur-papier-94-x-995-cm-2019_46553071344_o.jpg 547w\" sizes=\"auto, (max-width: 133px) 100vw, 133px\" \/><span style=\"color: #800000;\">15 septembre\u00a0 &#8211; exposition<\/span><\/h5>\n<p style=\"text-align: justify;\">Une exposition tr\u00e8s d\u00e9licate de\u00a0\u00a0<span style=\"color: #0000ff;\"><em><strong>Claire Illouz<\/strong><\/em><\/span>\u00a0 au <strong>Mus\u00e9e Senlecq<\/strong> vous fera d\u00e9couvrir des espaces pleins de charme et de myst\u00e8re<\/p>\n<h5><strong><span style=\"color: #800000;\">15 septembre &#8211; conf\u00e9rence<\/span><\/strong><\/h5>\n<p><img loading=\"lazy\" decoding=\"async\" class=\" wp-image-12367 alignright\" src=\"http:\/\/artsetculture.fr\/wp-content\/uploads\/2022\/06\/R-300x233.jpg\" alt=\"R\" width=\"136\" height=\"106\" srcset=\"https:\/\/artsetculture.fr\/wp-content\/uploads\/2022\/06\/R-300x233.jpg 300w, https:\/\/artsetculture.fr\/wp-content\/uploads\/2022\/06\/R-768x596.jpg 768w, https:\/\/artsetculture.fr\/wp-content\/uploads\/2022\/06\/R-1024x794.jpg 1024w, https:\/\/artsetculture.fr\/wp-content\/uploads\/2022\/06\/R.jpg 1140w\" sizes=\"auto, (max-width: 136px) 100vw, 136px\" \/>Clich\u00e9s inoubliables l\u00e9gu\u00e9s par <span style=\"color: #0000ff;\"><strong>Henri Cartier Bresson<\/strong><\/span> l&rsquo;un des plus grands photographes de sa g\u00e9n\u00e9ration<\/p>\n<h5><span style=\"color: #993300;\">&#8230;.\u00a0 etc , etc &#8230;<\/span><\/h5>\n<p><span style=\"color: #ffffff;\">________________________________________________________<\/span><\/p>\n<p><span style=\"color: #ff0000;\"><em><strong>Consultez le programme et le site.<\/strong><\/em><\/span><span style=\"color: #ffffff;\">_<\/span><\/p>\n<p style=\"text-align: justify;\"><span style=\"color: #0000ff;\"><em><a href=\"http:\/\/artsetculture.fr\/wp-content\/uploads\/2022\/01\/Visites-2022-janvier-\u00e0-avril.pdf\"><strong class=\"alignnone\"><img loading=\"lazy\" decoding=\"async\" class=\"alignright wp-image-12064\" src=\"http:\/\/artsetculture.fr\/wp-content\/uploads\/2022\/01\/Visites-2022-janv-avril-.jpg\" alt=\"Visites 2022 janv avril-\" width=\"80\" height=\"113\" \/><\/strong><\/a><\/em><\/span><\/p>\n<p style=\"text-align: justify;\"><span style=\"text-decoration: underline;\"><em><a href=\"http:\/\/artsetculture.fr\/wp-content\/uploads\/2022\/01\/Visites-2022-janvier-\u00e0-avril.pdf\"><strong class=\"alignnone\"><span style=\"color: #ff0000; text-decoration: underline;\">Pour imprimer le programme <\/span><\/strong><\/a><\/em><\/span><span style=\"color: #333333;\">des visites de septembre \u00e0 d\u00e9cembre 2022,\u00a0\u00a0cliquez sur l&rsquo;ic\u00f4ne ci-contre &#8212;&#8212;&#8212;&#8212;&#8212;&gt;<\/span><\/p>\n<p style=\"text-align: justify;\"><span style=\"color: #ffffff;\">______________________________<\/span><\/p>\n<p style=\"text-align: justify;\"><span style=\"color: #ffffff;\">____________________________________________________________________________________________________________<\/span><\/p>\n<p><em><strong><span style=\"color: #ffffff;\">_______________<\/span>\u00a0<a href=\"http:\/\/artsetculture.fr\/index.php\/activites-2\/agenda\/\">Agenda<\/a>\u00a0 \u00a0 \u00a0 \u00a0 \u00a0 \u00a0 \u00a0 \u00a0 \u00a0 \u00a0 \u00a0 \u00a0 \u00a0 \u00a0 \u00a0 \u00a0 \u00a0 \u00a0 \u00a0 \u00a0 \u00a0 \u00a0 \u00a0 \u00a0 \u00a0\u00a0<a href=\"http:\/\/artsetculture.fr\/index.php\/infos-pratiques\/adhesion\/\">Adh\u00e9sions<\/a>\u00a0 \u00a0 \u00a0 \u00a0 \u00a0<\/strong><\/em><\/p>\n<p style=\"text-align: justify;\"><em><strong> \u00a0 \u00a0 \u00a0 <span style=\"color: #ffffff;\">______<\/span><\/strong><\/em><em><strong><a href=\"http:\/\/artsetculture.fr\/index.php\/blog-messagerie\/inscriptions\/\">Inscription aux visites<\/a>\u00a0 \u00a0 \u00a0 \u00a0 \u00a0 \u00a0 \u00a0 \u00a0 \u00a0 \u00a0 \u00a0<a href=\"http:\/\/artsetculture.fr\/index.php\/infos-pratiques-2\/conditions\/\">Informations \u00a0pratiques<\/a><\/strong><\/em><\/p>\n<p><em><strong><span style=\"color: #ffffff;\">____________________________<\/span><a href=\"http:\/\/artsetculture.fr\/index.php\/event\/demande-dinformations\/\">Plus\u00a0d&rsquo;informations<\/a>\u00a0? \u00a0\u00a0<\/strong><\/em><\/p>\n<h1 style=\"text-align: left;\"><span style=\"color: #339966;\"><strong><a style=\"color: #339966;\" href=\"http:\/\/artsetculture.fr\/index.php\/2020\/08\/17\/en-ce-moment-50\/\">\u00a0__________________________________________ \u21d1<\/a><\/strong><\/span><\/h1>\n","protected":false},"excerpt":{"rendered":"<p>Chers adh\u00e9rents \u00a0Apr\u00e8s ces deux ann\u00e9es perturb\u00e9es, nous red\u00e9marrons une saison que nous avons voulue riche et vari\u00e9e et dont nous esp\u00e9rons que vous pourrez pleinement profiter. _____________________________________ 3\u00a0 septembre &#8211; Forum des associations\u00a0 Retrouvons-nous d&rsquo;abord au forum pour \u00e9changer les souvenirs de vacances et vous r\u00e9inscrire rapidement aux visites qui sont toujours tr\u00e8s demand\u00e9es. &hellip; <a href=\"https:\/\/artsetculture.fr\/index.php\/2022\/08\/18\/en-ce-moment-63\/\" class=\"more-link\">Continuer la lecture de <span class=\"screen-reader-text\">En ce moment&#8230;<\/span>  <span class=\"meta-nav\">&rarr;<\/span><\/a><\/p>\n","protected":false},"author":1,"featured_media":0,"comment_status":"closed","ping_status":"closed","sticky":false,"template":"","format":"standard","meta":{"footnotes":""},"categories":[13],"tags":[],"class_list":["post-12416","post","type-post","status-publish","format-standard","hentry","category-actu"],"_links":{"self":[{"href":"https:\/\/artsetculture.fr\/index.php\/wp-json\/wp\/v2\/posts\/12416","targetHints":{"allow":["GET"]}}],"collection":[{"href":"https:\/\/artsetculture.fr\/index.php\/wp-json\/wp\/v2\/posts"}],"about":[{"href":"https:\/\/artsetculture.fr\/index.php\/wp-json\/wp\/v2\/types\/post"}],"author":[{"embeddable":true,"href":"https:\/\/artsetculture.fr\/index.php\/wp-json\/wp\/v2\/users\/1"}],"replies":[{"embeddable":true,"href":"https:\/\/artsetculture.fr\/index.php\/wp-json\/wp\/v2\/comments?post=12416"}],"version-history":[{"count":18,"href":"https:\/\/artsetculture.fr\/index.php\/wp-json\/wp\/v2\/posts\/12416\/revisions"}],"predecessor-version":[{"id":12558,"href":"https:\/\/artsetculture.fr\/index.php\/wp-json\/wp\/v2\/posts\/12416\/revisions\/12558"}],"wp:attachment":[{"href":"https:\/\/artsetculture.fr\/index.php\/wp-json\/wp\/v2\/media?parent=12416"}],"wp:term":[{"taxonomy":"category","embeddable":true,"href":"https:\/\/artsetculture.fr\/index.php\/wp-json\/wp\/v2\/categories?post=12416"},{"taxonomy":"post_tag","embeddable":true,"href":"https:\/\/artsetculture.fr\/index.php\/wp-json\/wp\/v2\/tags?post=12416"}],"curies":[{"name":"wp","href":"https:\/\/api.w.org\/{rel}","templated":true}]}}