{"id":8789,"date":"2018-09-23T18:35:59","date_gmt":"2018-09-23T17:35:59","guid":{"rendered":"http:\/\/artsetculture.fr\/?p=8789"},"modified":"2018-10-07T16:14:49","modified_gmt":"2018-10-07T15:14:49","slug":"en-ce-moment-23","status":"publish","type":"post","link":"http:\/\/artsetculture.fr\/index.php\/2018\/09\/23\/en-ce-moment-23\/","title":{"rendered":"En ce moment &#8230; 180923"},"content":{"rendered":"<h3 style=\"text-align: center;\"><em><span style=\"color: #0000ff;\">Bienvenue \u00e0 Arts &amp; Culture<\/span><\/em><\/h3>\n<h4 style=\"text-align: left;\"><span style=\"color: #800000;\">Conf\u00e9rences<\/span><\/h4>\n<p style=\"text-align: left;\"><strong><a href=\"https:\/\/artsetculture.fr\/index.php\/2018\/07\/31\/architectes-japonais-en-france\/\">13\u00a0et\u00a020 septembre<\/a>\u00a0 \u00a0 \u00a0 \u00a0 \u00a0 \u00a0 \u00a0 \u00a0 \u00a0 \u00a0 \u00a0 \u00a0<em>Les architectes japonais en France<\/em><\/strong><\/p>\n<p style=\"text-align: justify;\"><span style=\"color: #000000;\">Lors des deux premi\u00e8res conf\u00e9rences de la saison pr\u00e9sent\u00e9es par <span style=\"color: #0000ff;\"><strong>Catherine Coudert<\/strong><\/span>,<strong>\u00a0<em>l<\/em><em><strong>es <\/strong>architectes japonais en France<\/em><\/strong>\u00a0nous ont passionn\u00e9s, pour l&rsquo;importance et la qualit\u00e9 de leurs oeuvres <img loading=\"lazy\" decoding=\"async\" class=\"alignright wp-image-8211\" src=\"http:\/\/artsetculture.fr\/wp-content\/uploads\/2018\/06\/Seine-Musicale-2-180405-300x200.jpg\" alt=\"Seine-Musicale-2-180405\" width=\"200\" height=\"133\" srcset=\"http:\/\/artsetculture.fr\/wp-content\/uploads\/2018\/06\/Seine-Musicale-2-180405-300x200.jpg 300w, http:\/\/artsetculture.fr\/wp-content\/uploads\/2018\/06\/Seine-Musicale-2-180405.jpg 690w\" sizes=\"auto, (max-width: 200px) 100vw, 200px\" \/><\/span>\u00a0(Seine Musicale \u00e0 Boulogne, Louvre-Lens, Pompidou-Metz, etc&#8230;), leur g\u00e9nie inventif et la subtile touche, toujours pr\u00e9sente, du fond de culture du pays du soleil levant.\u00a0 <span style=\"color: #ffffff;\">____________________________\u00a0\u00a0<\/span><\/p>\n<p style=\"text-align: justify;\"><strong><a href=\"https:\/\/artsetculture.fr\/index.php\/2018\/07\/31\/lirlande-a-la-croisee-des-chemins\/\">27\u00a0\u00a0septembre\u00a0et\u00a0 <\/a><span style=\"color: #008000;\"><a href=\"https:\/\/artsetculture.fr\/index.php\/event\/lirlande-a-la-croisee-des-chemins-2\/\">4 octobre<\/a>\u00a0 \u00a0 \u00a0\u00a0<em><span style=\"color: #000000;\">L&rsquo;Irlande \u00e0 la crois\u00e9e des chemins<\/span><\/em><\/span><\/strong><\/p>\n<p style=\"text-align: justify;\"><img loading=\"lazy\" decoding=\"async\" class=\"wp-image-8339 alignleft\" src=\"http:\/\/artsetculture.fr\/wp-content\/uploads\/2018\/06\/Michael-Collins-180418-mcbw17-CA-1-264x300.jpeg\" alt=\"Michael Collins-180418 mcbw17-CA\" width=\"137\" height=\"156\" srcset=\"http:\/\/artsetculture.fr\/wp-content\/uploads\/2018\/06\/Michael-Collins-180418-mcbw17-CA-1-264x300.jpeg 264w, http:\/\/artsetculture.fr\/wp-content\/uploads\/2018\/06\/Michael-Collins-180418-mcbw17-CA-1.jpeg 480w\" sizes=\"auto, (max-width: 137px) 100vw, 137px\" \/>L&rsquo;Irlande est aujourd&rsquo;hui d&rsquo;actualit\u00e9 en raison notamment des probl\u00e8mes que les provinces du nord posent au Royaume-Uni, pour la mise en place du BREXIT.<span style=\"color: #ffffff;\"> ___________________\u00a0<\/span> \u00a0 Si vous voulez mieux conna\u00eetre l&rsquo;histoire tumultueuse qui a conduit \u00e0 la cr\u00e9ation de la R\u00e9publique d&rsquo;Irlande et ses cons\u00e9quences jusqu&rsquo;\u00e0 aujourd&rsquo;hui, venez \u00e9couter ces\u00a0 \u00a0 <span style=\"color: #ffffff;\">________________________<\/span>\u00a0 \u00a0conf\u00e9rences de <span style=\"color: #0000ff;\"><strong>V\u00e9ronique Cromb\u00e9<\/strong><\/span>.<\/p>\n<h4 style=\"text-align: left;\"><span style=\"color: #800000;\">Visites &#8211; Conf\u00e9rences<\/span><\/h4>\n<p>&nbsp;<\/p>\n<p style=\"text-align: justify;\"><strong>21\u00a0et <a href=\"https:\/\/artsetculture.fr\/index.php\/event\/le-marais-de-madame-de-sevigne-b\/\">28 septembre<\/a>\u00a0 \u00a0 \u00a0 \u00a0 \u00a0 \u00a0 \u00a0<em>Le Marais de Madame de S\u00e9vign\u00e9<\/em><\/strong><\/p>\n<p style=\"text-align: justify;\">Une promenad<img loading=\"lazy\" decoding=\"async\" class=\" wp-image-8594 alignleft\" src=\"http:\/\/artsetculture.fr\/wp-content\/uploads\/2018\/07\/752413-2-RWEB-300x218.jpg\" alt=\"752413 (2)-RWEB\" width=\"155\" height=\"112\" srcset=\"http:\/\/artsetculture.fr\/wp-content\/uploads\/2018\/07\/752413-2-RWEB-300x218.jpg 300w, http:\/\/artsetculture.fr\/wp-content\/uploads\/2018\/07\/752413-2-RWEB.jpg 448w\" sizes=\"auto, (max-width: 155px) 100vw, 155px\" \/>e dans le Marais avec\u00a0<span style=\"color: #0000ff;\"><strong>Patrick Hemmler<\/strong><\/span> sur les traces de Madame de S\u00e9vign\u00e9 et de ses multiples\u00a0demeures .<\/p>\n<p style=\"text-align: justify;\"><span style=\"color: #ffffff;\">____________________________________________<\/span><\/p>\n<p style=\"text-align: justify;\"><strong><a href=\"https:\/\/artsetculture.fr\/index.php\/event\/alphonse-mucha-a-et-b\/\">8\u00a0<span style=\"color: #008000;\">o<\/span><\/a><a href=\"https:\/\/artsetculture.fr\/index.php\/event\/alphonse-mucha-a-et-b\/\">ctobre<\/a><span style=\"color: #008000;\">\u00a0 \u00a0 \u00a0 \u00a0 \u00a0\u00a0<span style=\"color: #ffffff;\">\u00a0 _____\u00a0<\/span> \u00a0 \u00a0 \u00a0 \u00a0 \u00a0 \u00a0\u00a0<span style=\"color: #000000;\"><em>Alphonse Mucha<\/em>\u00a0 \u00a0<span style=\"color: #ffffff;\">___________<\/span><\/span><\/span><\/strong><\/p>\n<p style=\"text-align: justify;\"><span style=\"color: #000000;\"><strong><em>Mus\u00e9e du Luxembourg\u00a0 <span style=\"color: #ffffff;\">\u00a0_______________________________________________\u00a0 \u00a0<\/span> <\/em><\/strong>avec<em>\u00a0 <span style=\"color: #0000ff;\"><strong>Fran\u00e7oise\u00a0 Gagliano<\/strong><\/span><\/em><\/span><strong><span style=\"color: #008000;\"><img loading=\"lazy\" decoding=\"async\" class=\"wp-image-8590 alignright\" src=\"http:\/\/artsetculture.fr\/wp-content\/uploads\/2018\/07\/Four_Seasons_by_Alfons_Mucha-RWEB-300x218.jpg\" alt=\"Four_Seasons_by_Alfons_Mucha,-RWEB\" width=\"210\" height=\"152\" srcset=\"http:\/\/artsetculture.fr\/wp-content\/uploads\/2018\/07\/Four_Seasons_by_Alfons_Mucha-RWEB-300x218.jpg 300w, http:\/\/artsetculture.fr\/wp-content\/uploads\/2018\/07\/Four_Seasons_by_Alfons_Mucha-RWEB.jpg 448w\" sizes=\"auto, (max-width: 210px) 100vw, 210px\" \/><\/span><\/strong><\/p>\n<p style=\"text-align: justify;\">Le Ma\u00eetre de l&rsquo;Art nouveau. <span style=\"color: #ffffff;\">_______<\/span>\u00a0 Un oeuvre foisonnante pleine d&rsquo;\u00e9l\u00e9gance et de vitalit\u00e9<\/p>\n<p style=\"text-align: justify;\"><span style=\"color: #ffffff;\"><strong>________________________________\u00a0 \u00a0 \u00a0<\/strong><\/span><span style=\"color: #0000ff;\"><strong><em>A\u00a0bient\u00f4t&#8230;<\/em><\/strong><\/span><\/p>\n<p style=\"text-align: justify;\"><span style=\"color: #0000ff;\"><em><strong>L&rsquo;\u00e9quipe d&rsquo;Arts &amp; Culture<\/strong><\/em><\/span><\/p>\n<p style=\"text-align: justify;\"><span style=\"color: #ffffff;\">_____________________________________________________<\/span><\/p>\n<p><em><strong>\u00a0 \u00a0 \u00a0 \u00a0 \u00a0 \u00a0 \u00a0\u00a0<span style=\"color: #008000;\"><a href=\"https:\/\/artsetculture.fr\/index.php\/activites1\/programme-de-la-saison\/\">Programme de la saison<\/a><\/span><\/strong><\/em><em><strong>\u00a0 \u00a0 \u00a0 \u00a0 \u00a0 \u00a0 \u00a0 \u00a0 \u00a0 \u00a0 \u00a0\u00a0<a href=\"http:\/\/artsetculture.fr\/index.php\/blog-messagerie\/inscriptions\/\">Inscription aux visites<\/a> <\/strong><\/em><em><strong>\u00a0 \u00a0<\/strong><\/em><\/p>\n<p><em><strong>\u00a0 \u00a0 \u00a0 \u00a0 \u00a0 \u00a0 \u00a0 \u00a0 \u00a0 \u00a0 \u00a0 \u00a0 \u00a0 \u00a0 \u00a0 \u00a0 \u00a0 \u00a0 \u00a0 \u00a0 \u00a0<a href=\"http:\/\/artsetculture.fr\/index.php\/event\/demande-dinformations\/\">Bulletin d&rsquo;informations<\/a>\u00a0 \u00a0<a href=\"http:\/\/artsetculture.fr\/index.php\/event\/demande-dinformations\/\"><img loading=\"lazy\" decoding=\"async\" class=\"wp-image-3375 alignnone\" src=\"http:\/\/artsetculture.fr\/wp-content\/uploads\/2016\/05\/information-1028789_960_720-300x300.jpg\" alt=\"information-1028789_960_720\" width=\"89\" height=\"89\" srcset=\"http:\/\/artsetculture.fr\/wp-content\/uploads\/2016\/05\/information-1028789_960_720-300x300.jpg 300w, http:\/\/artsetculture.fr\/wp-content\/uploads\/2016\/05\/information-1028789_960_720-150x150.jpg 150w, http:\/\/artsetculture.fr\/wp-content\/uploads\/2016\/05\/information-1028789_960_720.jpg 720w\" sizes=\"auto, (max-width: 89px) 100vw, 89px\" \/><\/a><\/strong><\/em><em><strong>\u00a0\u00a0<\/strong><\/em><strong>\u00a0 \u00a0\u00a0<\/strong><\/p>\n<h5><a href=\"http:\/\/artsetculture.fr\/index.php\/2017\/08\/19\/en-ce-moment-14\/\"><strong>\u00a0 \u00a0\u00a0_____________________________________________________________\u21d1<\/strong><\/a><\/h5>\n","protected":false},"excerpt":{"rendered":"<p>Bienvenue \u00e0 Arts &amp; Culture Conf\u00e9rences 13\u00a0et\u00a020 septembre\u00a0 \u00a0 \u00a0 \u00a0 \u00a0 \u00a0 \u00a0 \u00a0 \u00a0 \u00a0 \u00a0 \u00a0Les architectes japonais en France Lors des deux premi\u00e8res conf\u00e9rences de la saison pr\u00e9sent\u00e9es par Catherine Coudert,\u00a0les architectes japonais en France\u00a0nous ont passionn\u00e9s, pour l&rsquo;importance et la qualit\u00e9 de leurs oeuvres \u00a0(Seine Musicale \u00e0 Boulogne, Louvre-Lens, Pompidou-Metz, &hellip; <a href=\"http:\/\/artsetculture.fr\/index.php\/2018\/09\/23\/en-ce-moment-23\/\" class=\"more-link\">Continuer la lecture de <span class=\"screen-reader-text\">En ce moment &#8230; 180923<\/span>  <span class=\"meta-nav\">&rarr;<\/span><\/a><\/p>\n","protected":false},"author":1,"featured_media":0,"comment_status":"closed","ping_status":"closed","sticky":false,"template":"","format":"standard","meta":{"footnotes":""},"categories":[13],"tags":[],"class_list":["post-8789","post","type-post","status-publish","format-standard","hentry","category-actu"],"_links":{"self":[{"href":"http:\/\/artsetculture.fr\/index.php\/wp-json\/wp\/v2\/posts\/8789","targetHints":{"allow":["GET"]}}],"collection":[{"href":"http:\/\/artsetculture.fr\/index.php\/wp-json\/wp\/v2\/posts"}],"about":[{"href":"http:\/\/artsetculture.fr\/index.php\/wp-json\/wp\/v2\/types\/post"}],"author":[{"embeddable":true,"href":"http:\/\/artsetculture.fr\/index.php\/wp-json\/wp\/v2\/users\/1"}],"replies":[{"embeddable":true,"href":"http:\/\/artsetculture.fr\/index.php\/wp-json\/wp\/v2\/comments?post=8789"}],"version-history":[{"count":10,"href":"http:\/\/artsetculture.fr\/index.php\/wp-json\/wp\/v2\/posts\/8789\/revisions"}],"predecessor-version":[{"id":8840,"href":"http:\/\/artsetculture.fr\/index.php\/wp-json\/wp\/v2\/posts\/8789\/revisions\/8840"}],"wp:attachment":[{"href":"http:\/\/artsetculture.fr\/index.php\/wp-json\/wp\/v2\/media?parent=8789"}],"wp:term":[{"taxonomy":"category","embeddable":true,"href":"http:\/\/artsetculture.fr\/index.php\/wp-json\/wp\/v2\/categories?post=8789"},{"taxonomy":"post_tag","embeddable":true,"href":"http:\/\/artsetculture.fr\/index.php\/wp-json\/wp\/v2\/tags?post=8789"}],"curies":[{"name":"wp","href":"https:\/\/api.w.org\/{rel}","templated":true}]}}