{"id":6583,"date":"2018-08-19T10:04:44","date_gmt":"2018-08-19T09:04:44","guid":{"rendered":"http:\/\/artsetculture.fr\/?p=6583"},"modified":"2018-09-23T19:09:22","modified_gmt":"2018-09-23T18:09:22","slug":"en-ce-moment-14","status":"publish","type":"post","link":"http:\/\/artsetculture.fr\/index.php\/2018\/08\/19\/en-ce-moment-14\/","title":{"rendered":"En ce moment &#8230; 180819"},"content":{"rendered":"<h3 style=\"text-align: center;\"><em><span style=\"color: #0000ff;\">Bienvenue \u00e0 Arts &amp; Culture<\/span><\/em><\/h3>\n<p style=\"text-align: left;\"><img loading=\"lazy\" decoding=\"async\" class=\"alignnone wp-image-8718\" src=\"http:\/\/artsetculture.fr\/wp-content\/uploads\/2018\/08\/1200px-Plage_Feuillere-R2DOC-300x104.jpg\" alt=\"1200px-Plage_Feuillere-R2DOC\" width=\"470\" height=\"163\" srcset=\"http:\/\/artsetculture.fr\/wp-content\/uploads\/2018\/08\/1200px-Plage_Feuillere-R2DOC-300x104.jpg 300w, http:\/\/artsetculture.fr\/wp-content\/uploads\/2018\/08\/1200px-Plage_Feuillere-R2DOC-768x267.jpg 768w, http:\/\/artsetculture.fr\/wp-content\/uploads\/2018\/08\/1200px-Plage_Feuillere-R2DOC.jpg 1024w\" sizes=\"auto, (max-width: 470px) 100vw, 470px\" \/><\/p>\n<p style=\"text-align: left;\">La fin des vacances approche&#8230; et toutes les activit\u00e9s d&rsquo;<span style=\"color: #0000ff;\"><em><strong>Arts et Culture<\/strong><\/em><\/span> vont bient\u00f4t reprendre.<\/p>\n<p style=\"text-align: left;\"><span style=\"color: #008000;\"><strong style=\"color: #000000;\">Le samedi 8 septembre<\/strong><\/span><\/p>\n<p style=\"text-align: justify;\"><img loading=\"lazy\" decoding=\"async\" class=\"wp-image-8707 alignright\" src=\"http:\/\/artsetculture.fr\/wp-content\/uploads\/2018\/08\/Forum.jpg\" alt=\"Forum\" width=\"156\" height=\"116\" \/>Comme chaque ann\u00e9e, <span style=\"color: #0000ff;\"><em><strong>Arts et Culture<\/strong> <\/em><\/span>sera pr\u00e9sent au forum des associations qui a lieu le <strong>samedi 8 septembre de 10 h \u00e0 18 h <\/strong>au centre sportif Am\u00e9lie Mauresmo de L&rsquo;Isle-Adam<br \/>\nVous pourrez vous inscrire pour la saison 2018\/2019 et r\u00e9server toutes les sorties qui vous int\u00e9ressent.<\/p>\n<p><em><strong><span style=\"color: #0000ff;\">Au plaisir de nous y retrouver.<\/span>\u00a0<\/strong><\/em>\u00a0 <span style=\"color: #ffffff;\">\u00a0__________________________________________________<\/span><\/p>\n<p><strong><a href=\"https:\/\/artsetculture.fr\/index.php\/activites1\/patrimoine-local\/\">Le vendredi 14 septembre \u00e0 14h30<\/a>\u00a0 \u00a0 \u00a0<\/strong><\/p>\n<p class=\"alignnone\" style=\"text-align: justify;\"><img loading=\"lazy\" decoding=\"async\" class=\"wp-image-8708 alignleft\" src=\"http:\/\/artsetculture.fr\/wp-content\/uploads\/2018\/08\/2016-03-17-9am-La-Pedrera-Uruguay-768x584-CA-1-300x228.jpg\" alt=\"2016-03-17-9am-La-Pedrera-Uruguay-768x584-CA\" width=\"186\" height=\"141\" srcset=\"http:\/\/artsetculture.fr\/wp-content\/uploads\/2018\/08\/2016-03-17-9am-La-Pedrera-Uruguay-768x584-CA-1-300x228.jpg 300w, http:\/\/artsetculture.fr\/wp-content\/uploads\/2018\/08\/2016-03-17-9am-La-Pedrera-Uruguay-768x584-CA-1.jpg 768w\" sizes=\"auto, (max-width: 186px) 100vw, 186px\" \/>La premi\u00e8re visite de la saison se tiendra au Mus\u00e9e Senlecq pour la tr\u00e8s int\u00e9ressante exposition\u00a0 <span style=\"color: #ffffff;\">________\u00a0 \u00a0\u00a0<\/span> <span style=\"color: #ffffff;\">____________<\/span> <strong><em><span style=\"color: #0000ff;\">\u00ab\u00a0Sur le motif\u00a0\u00bb.<\/span><\/em><\/strong>\u00a0 <span style=\"color: #ffffff;\">____________\u00a0<\/span> Ne manquez pas cette visite car l&rsquo;exposition se termine quelques jours plus tard &#8230;<\/p>\n<p><strong><a href=\"https:\/\/artsetculture.fr\/index.php\/2018\/07\/31\/architectes-japonais-en-france\/\">Les 13 et 20 septembre\u00a0<\/a><em><br \/>\n<\/em><\/strong><\/p>\n<p class=\"alignnone\" style=\"text-align: justify;\"><img loading=\"lazy\" decoding=\"async\" class=\" wp-image-8211 alignright\" src=\"http:\/\/artsetculture.fr\/wp-content\/uploads\/2018\/06\/Seine-Musicale-2-180405-300x200.jpg\" alt=\"Seine-Musicale-2-180405\" width=\"233\" height=\"155\" srcset=\"http:\/\/artsetculture.fr\/wp-content\/uploads\/2018\/06\/Seine-Musicale-2-180405-300x200.jpg 300w, http:\/\/artsetculture.fr\/wp-content\/uploads\/2018\/06\/Seine-Musicale-2-180405.jpg 690w\" sizes=\"auto, (max-width: 233px) 100vw, 233px\" \/>Les 2 premi\u00e8res conf\u00e9rences de cette saison 2018-2019 sont consacr\u00e9es \u00e0 des architectes japonais qui ont r\u00e9alis\u00e9 en France\u00a0des oeuvres remarquables comme\u00a0 la Seine musicale, le Louvre Lens et bien d&rsquo;autres&#8230; Passionnant !\u00a0<span style=\"color: #ffffff;\">_\u00a0 \u00a0 \u00a0______________________________<\/span><\/p>\n<p style=\"text-align: justify;\"><strong><a href=\"http:\/\/artsetculture.fr\/index.php\/event\/le-marais-de-madame-de-sevigne-a\/\">Les 21\u00a0<\/a>et <a href=\"https:\/\/artsetculture.fr\/index.php\/event\/le-marais-de-madame-de-sevigne-b\/\">28 septembre<\/a><\/strong><\/p>\n<p style=\"text-align: justify;\"><img loading=\"lazy\" decoding=\"async\" class=\" wp-image-8594 alignleft\" src=\"http:\/\/artsetculture.fr\/wp-content\/uploads\/2018\/07\/752413-2-RWEB-300x218.jpg\" alt=\"752413 (2)-RWEB\" width=\"155\" height=\"112\" srcset=\"http:\/\/artsetculture.fr\/wp-content\/uploads\/2018\/07\/752413-2-RWEB-300x218.jpg 300w, http:\/\/artsetculture.fr\/wp-content\/uploads\/2018\/07\/752413-2-RWEB.jpg 448w\" sizes=\"auto, (max-width: 155px) 100vw, 155px\" \/>Une promenade dans le Marais avec Monsieur Patrick Hemmler sur les traces de Madame de S\u00e9vign\u00e9 et de ses multiples demeures .<\/p>\n<p style=\"text-align: justify;\"><span style=\"color: #ffffff;\"><strong>_________________________________________<\/strong><\/span><\/p>\n<p style=\"text-align: justify;\"><em><strong><span style=\"color: #ff0000;\">Inscrivez-vous vite pour r\u00e9server vos visites !<\/span><\/strong><\/em><\/p>\n<p style=\"text-align: justify;\"><span style=\"color: #333333;\"><span style=\"color: #800000;\"><a href=\"https:\/\/artsetculture.fr\/index.php\/2018\/08\/18\/imprimer-le-programme\/\"><img loading=\"lazy\" decoding=\"async\" class=\"alignright wp-image-8626\" src=\"http:\/\/artsetculture.fr\/wp-content\/uploads\/2018\/08\/Couverture-DEF-207x300.jpg\" alt=\"Couverture DEF\" width=\"144\" height=\"207\" \/><\/a><\/span><\/span><\/p>\n<p style=\"text-align: justify;\"><span class=\"alignnone\" style=\"color: #333333;\">\u00a0<a href=\"https:\/\/artsetculture.fr\/index.php\/2018\/08\/18\/imprimer-le-programme\/\">.<\/a>..et vous pouvez aussi, si vous ne l&rsquo;avez pas d\u00e9j\u00e0 re\u00e7u par la poste,<\/span><span style=\"color: #333333;\"><span style=\"color: #ffffff;\">\u00a0<\/span><\/span><span style=\"color: #800000;\"><em><strong>imprimer le programme\u00a0<\/strong><\/em><\/span><span style=\"color: #000000;\">de toute la saison 2018-2019\u00a0 d&rsquo;<\/span><span style=\"color: #0000ff;\"><em><strong>Arts<span style=\"color: #ffffff;\">_<\/span>&amp;<span style=\"color: #ffffff;\">_<\/span>Culture\u00a0<\/strong><\/em><span style=\"color: #333333;\">en cliquant sur l&rsquo;icone ci-contre.<\/span><\/span><\/p>\n<p style=\"text-align: justify;\"><span style=\"color: #333333;\">\u00a0Bonne rentr\u00e9e et \u00e0 bient\u00f4t&#8230;<\/span><\/p>\n<p style=\"text-align: justify;\"><span style=\"color: #0000ff;\"><em><strong>L&rsquo;\u00e9quipe d&rsquo;Arts &amp; Culture<\/strong><\/em><\/span><\/p>\n<p style=\"text-align: justify;\"><span style=\"color: #ffffff;\">_____________________________________________________<\/span><\/p>\n<p><em><strong>\u00a0 \u00a0 \u00a0 \u00a0 \u00a0 \u00a0 \u00a0\u00a0<span style=\"color: #008000;\"><a href=\"https:\/\/artsetculture.fr\/index.php\/activites1\/programme-de-la-saison\/\">Programme de la saison<\/a><\/span><\/strong><\/em><em><strong>\u00a0 \u00a0 \u00a0 \u00a0 \u00a0 \u00a0 \u00a0 \u00a0 \u00a0 \u00a0 \u00a0\u00a0<a href=\"http:\/\/artsetculture.fr\/index.php\/blog-messagerie\/inscriptions\/\">Inscription aux visites<\/a> <\/strong><\/em><em><strong>\u00a0 \u00a0<\/strong><\/em><\/p>\n<p><em><strong>\u00a0 \u00a0 \u00a0 \u00a0 \u00a0 \u00a0 \u00a0 \u00a0 \u00a0 \u00a0 \u00a0 \u00a0 \u00a0 \u00a0 \u00a0 \u00a0 \u00a0 \u00a0 \u00a0 \u00a0 \u00a0<a href=\"http:\/\/artsetculture.fr\/index.php\/event\/demande-dinformations\/\">Bulletin d&rsquo;informations<\/a>\u00a0 \u00a0<a href=\"http:\/\/artsetculture.fr\/index.php\/event\/demande-dinformations\/\"><img loading=\"lazy\" decoding=\"async\" class=\"wp-image-3375 alignnone\" src=\"http:\/\/artsetculture.fr\/wp-content\/uploads\/2016\/05\/information-1028789_960_720-300x300.jpg\" alt=\"information-1028789_960_720\" width=\"89\" height=\"89\" srcset=\"http:\/\/artsetculture.fr\/wp-content\/uploads\/2016\/05\/information-1028789_960_720-300x300.jpg 300w, http:\/\/artsetculture.fr\/wp-content\/uploads\/2016\/05\/information-1028789_960_720-150x150.jpg 150w, http:\/\/artsetculture.fr\/wp-content\/uploads\/2016\/05\/information-1028789_960_720.jpg 720w\" sizes=\"auto, (max-width: 89px) 100vw, 89px\" \/><\/a><\/strong><\/em><em><strong>\u00a0\u00a0<\/strong><\/em><strong>\u00a0 \u00a0\u00a0<\/strong><\/p>\n<h5><a href=\"http:\/\/artsetculture.fr\/index.php\/2017\/08\/19\/en-ce-moment-14\/\"><strong>\u00a0 \u00a0\u00a0_________________________________________________\u21d1<\/strong><\/a><\/h5>\n","protected":false},"excerpt":{"rendered":"<p>Bienvenue \u00e0 Arts &amp; Culture La fin des vacances approche&#8230; et toutes les activit\u00e9s d&rsquo;Arts et Culture vont bient\u00f4t reprendre. Le samedi 8 septembre Comme chaque ann\u00e9e, Arts et Culture sera pr\u00e9sent au forum des associations qui a lieu le samedi 8 septembre de 10 h \u00e0 18 h au centre sportif Am\u00e9lie Mauresmo de &hellip; <a href=\"http:\/\/artsetculture.fr\/index.php\/2018\/08\/19\/en-ce-moment-14\/\" class=\"more-link\">Continuer la lecture de <span class=\"screen-reader-text\">En ce moment &#8230; 180819<\/span>  <span class=\"meta-nav\">&rarr;<\/span><\/a><\/p>\n","protected":false},"author":1,"featured_media":0,"comment_status":"closed","ping_status":"closed","sticky":false,"template":"","format":"standard","meta":{"footnotes":""},"categories":[13],"tags":[],"class_list":["post-6583","post","type-post","status-publish","format-standard","hentry","category-actu"],"_links":{"self":[{"href":"http:\/\/artsetculture.fr\/index.php\/wp-json\/wp\/v2\/posts\/6583","targetHints":{"allow":["GET"]}}],"collection":[{"href":"http:\/\/artsetculture.fr\/index.php\/wp-json\/wp\/v2\/posts"}],"about":[{"href":"http:\/\/artsetculture.fr\/index.php\/wp-json\/wp\/v2\/types\/post"}],"author":[{"embeddable":true,"href":"http:\/\/artsetculture.fr\/index.php\/wp-json\/wp\/v2\/users\/1"}],"replies":[{"embeddable":true,"href":"http:\/\/artsetculture.fr\/index.php\/wp-json\/wp\/v2\/comments?post=6583"}],"version-history":[{"count":66,"href":"http:\/\/artsetculture.fr\/index.php\/wp-json\/wp\/v2\/posts\/6583\/revisions"}],"predecessor-version":[{"id":8796,"href":"http:\/\/artsetculture.fr\/index.php\/wp-json\/wp\/v2\/posts\/6583\/revisions\/8796"}],"wp:attachment":[{"href":"http:\/\/artsetculture.fr\/index.php\/wp-json\/wp\/v2\/media?parent=6583"}],"wp:term":[{"taxonomy":"category","embeddable":true,"href":"http:\/\/artsetculture.fr\/index.php\/wp-json\/wp\/v2\/categories?post=6583"},{"taxonomy":"post_tag","embeddable":true,"href":"http:\/\/artsetculture.fr\/index.php\/wp-json\/wp\/v2\/tags?post=6583"}],"curies":[{"name":"wp","href":"https:\/\/api.w.org\/{rel}","templated":true}]}}