{"id":12061,"date":"2022-01-10T18:27:42","date_gmt":"2022-01-10T17:27:42","guid":{"rendered":"http:\/\/artsetculture.fr\/?p=12061"},"modified":"2022-01-10T18:39:48","modified_gmt":"2022-01-10T17:39:48","slug":"en-ce-moment-61","status":"publish","type":"post","link":"http:\/\/artsetculture.fr\/index.php\/2022\/01\/10\/en-ce-moment-61\/","title":{"rendered":"En ce moment &#8230;"},"content":{"rendered":"<h5><span style=\"color: #993300;\">Conf\u00e9rences<\/span><img loading=\"lazy\" decoding=\"async\" class=\"alignright wp-image-10766\" src=\"http:\/\/artsetculture.fr\/wp-content\/uploads\/2020\/08\/amour-et-Psych\u00e9-Canova-CAC1-300x201.jpg\" alt=\"amour et Psych\u00e9 Canova - CAC1\" width=\"200\" height=\"134\" srcset=\"http:\/\/artsetculture.fr\/wp-content\/uploads\/2020\/08\/amour-et-Psych\u00e9-Canova-CAC1-300x201.jpg 300w, http:\/\/artsetculture.fr\/wp-content\/uploads\/2020\/08\/amour-et-Psych\u00e9-Canova-CAC1.jpg 512w\" sizes=\"auto, (max-width: 200px) 100vw, 200px\" \/><\/h5>\n<p class=\"alignnone\" style=\"text-align: justify;\"><span style=\"color: #008000;\"><em><strong><a href=\"https:\/\/artsetculture.fr\/index.php\/activites1\/conferences\/\">Jeudi 6\u00a0janvier<\/a>\u00a0<a href=\"https:\/\/artsetculture.fr\/index.php\/event\/mythes-grecs-et-romains-5-2\/\">au 3 f\u00e9vrier<\/a><span style=\"color: #ffffff;\"> _______<\/span>\u00a0 \u00a0 \u00a0 <\/strong><\/em><\/span><em><strong>Les mythes grecs et romains dans l&rsquo;art <\/strong><\/em><span style=\"color: #0000ff;\"><strong>Claire\u00a0 Gr\u00e9bille<\/strong><\/span><span style=\"color: #ffffff;\">__________________\u00a0<\/span><\/p>\n<p class=\"alignnone\" style=\"text-align: justify;\">Cette nouvelle ann\u00e9e s&rsquo;ouvre sur un cycle de conf\u00e9rences de <strong><span style=\"color: #0000ff;\">Claire Gr\u00e9bille<\/span><\/strong>\u00a0\u00a0\u00bb <a href=\"https:\/\/artsetculture.fr\/index.php\/event\/mythes-grecs-et-romains-1\/\"><span style=\"color: #008000;\">l<\/span><em><span style=\"color: #008000;\"><strong>es mythes grecs et romains dans l&rsquo;art\u00a0\u00bb<\/strong><\/span>\u00a0<\/em><\/a>qui nous emportent dans le sillage des dieux et des h\u00e9ros antiques, personnages extraordinaires,magnifi\u00e9s par les peintres et les sculpteurs qui les ont repr\u00e9sent\u00e9s.<\/p>\n<p class=\"alignnone\" style=\"text-align: justify;\">L&rsquo;un des grands domaines privil\u00e9gi\u00e9s de l&rsquo;expression artistique classique \u00e0 d\u00e9guster toujours avec plaisir.<\/p>\n<h4 style=\"text-align: justify;\"><span style=\"color: #800000;\">Visites-Conf\u00e9rences<\/span><\/h4>\n<p style=\"text-align: justify;\">Trois nouvelles visites-conf\u00e9rences au programme<\/p>\n<p style=\"text-align: justify;\"><span style=\"color: #008000;\"><em><a href=\"https:\/\/artsetculture.fr\/index.php\/event\/musee-de-la-chasse-et-de-la-nature-ab\/\"><strong class=\"alignnone\"><img loading=\"lazy\" decoding=\"async\" class=\"wp-image-12005 alignright\" src=\"http:\/\/artsetculture.fr\/wp-content\/uploads\/2021\/12\/Chasse-et-nature-2e-181x300.jpg\" alt=\"Chasse et nature-2e\" width=\"103\" height=\"171\" srcset=\"http:\/\/artsetculture.fr\/wp-content\/uploads\/2021\/12\/Chasse-et-nature-2e-181x300.jpg 181w, http:\/\/artsetculture.fr\/wp-content\/uploads\/2021\/12\/Chasse-et-nature-2e.jpg 212w\" sizes=\"auto, (max-width: 103px) 100vw, 103px\" \/><\/strong><\/a><strong class=\"alignnone\"><a href=\"https:\/\/artsetculture.fr\/index.php\/event\/musee-de-la-chasse-et-de-la-nature-ab\/\"><span style=\"text-decoration: underline; color: #008000;\">Mardi 25 janvier<\/span><\/a>\u00a0 \u00a0\u00a0<\/strong><\/em><\/span><\/p>\n<p style=\"text-align: justify;\"><em><strong>Mus\u00e9e de la chasse et de la nature\u00a0 \u00a0 \u00a0 \u00a0 \u00a0 \u00a0 \u00a0 \u00a0 \u00a0\u00a0<span style=\"color: #ffffff;\"> ____\u00a0 <\/span><\/strong><\/em><strong><span style=\"color: #0000ff;\">Fran\u00e7oise Gagliano <span style=\"color: #ffffff;\">____________________________\u00a0<\/span> \u00a0 <\/span><\/strong>Un mus\u00e9e habit\u00e9 par un passionn\u00e9.\u00a0 \u00a0 \u00a0 \u00a0 \u00a0 <span style=\"color: #ffffff;\">__________\u00a0<\/span> Etrange et d\u00e9paysant <span style=\"color: #ffffff;\">_<\/span><span style=\"color: #ffffff;\">____________________________)<\/span><\/p>\n<p style=\"text-align: justify;\"><span style=\"color: #ff0000;\"><em>2 groupes de 20\u00a0<\/em><\/span><span style=\"color: #ffffff;\">__________________________________<\/span><\/p>\n<p style=\"text-align: justify;\"><a href=\"https:\/\/artsetculture.fr\/index.php\/event\/musee-de-la-chasse-et-de-la-nature-ab-2\/\"><span style=\"color: #008000;\"><em><strong>Mercredi 9 mars<\/strong><\/em><\/span><\/a><\/p>\n<p style=\"text-align: justify;\"><em><a href=\"https:\/\/artsetculture.fr\/index.php\/event\/musee-de-la-chasse-et-de-la-nature-ab-2\/\"><strong class=\"alignnone\"><span style=\"color: #333333;\">Julie Ma<img loading=\"lazy\" decoding=\"async\" class=\"alignright wp-image-12009\" src=\"http:\/\/artsetculture.fr\/wp-content\/uploads\/2021\/12\/Julie-Manet-3.jpg\" alt=\"Julie Manet-3\" width=\"140\" height=\"141\" srcset=\"http:\/\/artsetculture.fr\/wp-content\/uploads\/2021\/12\/Julie-Manet-3.jpg 244w, http:\/\/artsetculture.fr\/wp-content\/uploads\/2021\/12\/Julie-Manet-3-150x150.jpg 150w\" sizes=\"auto, (max-width: 140px) 100vw, 140px\" \/>net &#8211; La m\u00e9moire impressionniste<\/span><\/strong><\/a><strong class=\"alignnone\"><span style=\"color: #333333;\">\u00a0 \u00a0 \u00a0 \u00a0<\/span><\/strong><a href=\"https:\/\/artsetculture.fr\/index.php\/event\/musee-de-la-chasse-et-de-la-nature-ab-2\/\"><strong class=\"alignnone\"><span style=\"color: #ffffff;\"><span style=\"color: #333333;\">\u00a0<\/span> <\/span><\/strong><\/a><\/em><strong><span style=\"color: #0000ff;\">Fran\u00e7oise Gagliano\u00a0\u00a0<span style=\"color: #ffffff;\">_________________________\u00a0<\/span>\u00a0 <\/span><\/strong><span style=\"color: #333333;\">Une histoire d&rsquo;art et de famille. Une belle collection de toiles impressionnistes&#8230;<\/span><\/p>\n<p style=\"text-align: justify;\"><span style=\"color: #ff0000;\"><em>2 groupes de 15 &#8211; Marmottan\u00a0<span style=\"color: #ffffff;\">\u00a0____________<\/span><\/em><\/span><\/p>\n<p style=\"text-align: justify;\"><span style=\"color: #ff0000;\"><em>\u00a0<\/em><\/span><em><strong><a href=\"https:\/\/artsetculture.fr\/index.php\/event\/musee-de-la-chasse-et-de-la-nature-ab-2-2\/\">Mardi 5 avri<\/a>l<\/strong><\/em><\/p>\n<p style=\"text-align: justify;\"><em><strong><span style=\"color: #000000;\"><img loading=\"lazy\" decoding=\"async\" class=\"alignright wp-image-12012\" src=\"http:\/\/artsetculture.fr\/wp-content\/uploads\/2021\/12\/Susanne-Valadon-La-chambre-bleue-1923--300x230.jpg\" alt=\"Susanne-Valadon-La-chambre-bleue-1923-\" width=\"140\" height=\"107\" srcset=\"http:\/\/artsetculture.fr\/wp-content\/uploads\/2021\/12\/Susanne-Valadon-La-chambre-bleue-1923--300x230.jpg 300w, http:\/\/artsetculture.fr\/wp-content\/uploads\/2021\/12\/Susanne-Valadon-La-chambre-bleue-1923-.jpg 438w\" sizes=\"auto, (max-width: 140px) 100vw, 140px\" \/>Pionni\u00e8res\u00a0&#8211; Artistes <span style=\"color: #ffffff;\">____________________________<\/span>\u00a0 \u00a0 <\/span><\/strong><\/em><strong><span style=\"color: #0000ff;\"><span style=\"color: #000000;\"><span style=\"color: #0000ff;\">Fran\u00e7oise Gagliano<\/span>\u00a0<\/span><span style=\"color: #ffffff;\">_____________________\u00a0<\/span>\u00a0 \u00a0 \u00a0 <\/span><\/strong><span style=\"color: #333333;\">Femmes des ann\u00e9es folles.<\/span><\/p>\n<p style=\"text-align: justify;\"><span style=\"color: #ff0000;\"><em>2 groupes de 20 &#8211; Luxembourg<span style=\"color: #ffffff;\">\u00a0<\/span><\/em><\/span><\/p>\n<p style=\"text-align: justify;\"><span style=\"color: #ffffff;\">___________________________________________________<\/span><\/p>\n<p style=\"text-align: justify;\"><span style=\"color: #0000ff;\"><em><a href=\"http:\/\/artsetculture.fr\/wp-content\/uploads\/2022\/01\/Visites-2022-janvier-\u00e0-avril.pdf\"><strong class=\"alignnone\"><img loading=\"lazy\" decoding=\"async\" class=\"alignright wp-image-12064\" src=\"http:\/\/artsetculture.fr\/wp-content\/uploads\/2022\/01\/Visites-2022-janv-avril-.jpg\" alt=\"Visites 2022 janv avril-\" width=\"80\" height=\"113\" \/><\/strong><\/a><\/em><\/span><\/p>\n<p style=\"text-align: justify;\"><span style=\"text-decoration: underline;\"><em><a href=\"http:\/\/artsetculture.fr\/wp-content\/uploads\/2022\/01\/Visites-2022-janvier-\u00e0-avril.pdf\"><strong class=\"alignnone\"><span style=\"color: #ff0000; text-decoration: underline;\">Pour imprimer le programme <\/span><\/strong><\/a><\/em><\/span><span style=\"color: #333333;\">des visites de janvier \u00e0 avril 2022,\u00a0\u00a0cliquez sur l&rsquo;ic\u00f4ne ci-contre &#8212;&#8212;&#8212;&#8212;&#8212;&gt;<\/span><\/p>\n<p style=\"text-align: justify;\"><span style=\"color: #ffffff;\">______________________________<\/span><\/p>\n<p style=\"text-align: justify;\"><span style=\"color: #ffffff;\">____________________________________________________________________________________________________________<\/span><\/p>\n<p><em><strong><span style=\"color: #ffffff;\">_______________<\/span>\u00a0<a href=\"http:\/\/artsetculture.fr\/index.php\/activites-2\/agenda\/\">Agenda<\/a>\u00a0 \u00a0 \u00a0 \u00a0 \u00a0 \u00a0 \u00a0 \u00a0 \u00a0 \u00a0 \u00a0 \u00a0 \u00a0 \u00a0 \u00a0 \u00a0 \u00a0 \u00a0 \u00a0 \u00a0 \u00a0 \u00a0 \u00a0 \u00a0 \u00a0\u00a0<a href=\"http:\/\/artsetculture.fr\/index.php\/infos-pratiques\/adhesion\/\">Adh\u00e9sions<\/a>\u00a0 \u00a0 \u00a0 \u00a0 \u00a0<\/strong><\/em><\/p>\n<p style=\"text-align: justify;\"><em><strong> \u00a0 \u00a0 \u00a0 <span style=\"color: #ffffff;\">______<\/span><\/strong><\/em><em><strong><a href=\"http:\/\/artsetculture.fr\/index.php\/blog-messagerie\/inscriptions\/\">Inscription aux visites<\/a>\u00a0 \u00a0 \u00a0 \u00a0 \u00a0 \u00a0 \u00a0 \u00a0 \u00a0 \u00a0 \u00a0<a href=\"http:\/\/artsetculture.fr\/index.php\/infos-pratiques-2\/conditions\/\">Informations \u00a0pratiques<\/a><\/strong><\/em><\/p>\n<p><em><strong><span style=\"color: #ffffff;\">____________________________<\/span><a href=\"http:\/\/artsetculture.fr\/index.php\/event\/demande-dinformations\/\">Plus\u00a0d&rsquo;informations<\/a>\u00a0? \u00a0\u00a0<\/strong><\/em><\/p>\n<h1 style=\"text-align: left;\"><span style=\"color: #339966;\"><strong><a style=\"color: #339966;\" href=\"http:\/\/artsetculture.fr\/index.php\/2020\/08\/17\/en-ce-moment-50\/\">\u00a0__________________________________________ \u21d1<\/a><\/strong><\/span><\/h1>\n","protected":false},"excerpt":{"rendered":"<p>Conf\u00e9rences Jeudi 6\u00a0janvier\u00a0au 3 f\u00e9vrier _______\u00a0 \u00a0 \u00a0 Les mythes grecs et romains dans l&rsquo;art Claire\u00a0 Gr\u00e9bille__________________\u00a0 Cette nouvelle ann\u00e9e s&rsquo;ouvre sur un cycle de conf\u00e9rences de Claire Gr\u00e9bille\u00a0\u00a0\u00bb les mythes grecs et romains dans l&rsquo;art\u00a0\u00bb\u00a0qui nous emportent dans le sillage des dieux et des h\u00e9ros antiques, personnages extraordinaires,magnifi\u00e9s par les peintres et les sculpteurs &hellip; <a href=\"http:\/\/artsetculture.fr\/index.php\/2022\/01\/10\/en-ce-moment-61\/\" class=\"more-link\">Continuer la lecture de <span class=\"screen-reader-text\">En ce moment &#8230;<\/span>  <span class=\"meta-nav\">&rarr;<\/span><\/a><\/p>\n","protected":false},"author":1,"featured_media":0,"comment_status":"closed","ping_status":"closed","sticky":false,"template":"","format":"standard","meta":{"footnotes":""},"categories":[13],"tags":[],"class_list":["post-12061","post","type-post","status-publish","format-standard","hentry","category-actu"],"_links":{"self":[{"href":"http:\/\/artsetculture.fr\/index.php\/wp-json\/wp\/v2\/posts\/12061","targetHints":{"allow":["GET"]}}],"collection":[{"href":"http:\/\/artsetculture.fr\/index.php\/wp-json\/wp\/v2\/posts"}],"about":[{"href":"http:\/\/artsetculture.fr\/index.php\/wp-json\/wp\/v2\/types\/post"}],"author":[{"embeddable":true,"href":"http:\/\/artsetculture.fr\/index.php\/wp-json\/wp\/v2\/users\/1"}],"replies":[{"embeddable":true,"href":"http:\/\/artsetculture.fr\/index.php\/wp-json\/wp\/v2\/comments?post=12061"}],"version-history":[{"count":5,"href":"http:\/\/artsetculture.fr\/index.php\/wp-json\/wp\/v2\/posts\/12061\/revisions"}],"predecessor-version":[{"id":12069,"href":"http:\/\/artsetculture.fr\/index.php\/wp-json\/wp\/v2\/posts\/12061\/revisions\/12069"}],"wp:attachment":[{"href":"http:\/\/artsetculture.fr\/index.php\/wp-json\/wp\/v2\/media?parent=12061"}],"wp:term":[{"taxonomy":"category","embeddable":true,"href":"http:\/\/artsetculture.fr\/index.php\/wp-json\/wp\/v2\/categories?post=12061"},{"taxonomy":"post_tag","embeddable":true,"href":"http:\/\/artsetculture.fr\/index.php\/wp-json\/wp\/v2\/tags?post=12061"}],"curies":[{"name":"wp","href":"https:\/\/api.w.org\/{rel}","templated":true}]}}