{"id":10742,"date":"2020-08-02T21:20:37","date_gmt":"2020-08-02T20:20:37","guid":{"rendered":"http:\/\/artsetculture.fr\/?p=10742"},"modified":"2020-08-24T18:57:56","modified_gmt":"2020-08-24T17:57:56","slug":"naissance-de-lempire-romain-germanique","status":"publish","type":"post","link":"http:\/\/artsetculture.fr\/index.php\/2020\/08\/02\/naissance-de-lempire-romain-germanique\/","title":{"rendered":"Naissance de l&rsquo;Empire romain germanique"},"content":{"rendered":"<h4 style=\"text-align: justify;\">Conf\u00e9rences 2020-2021\u00a0 &#8211;\u00a0 <span style=\"color: #0000ff;\">Thierry Soulard<br \/>\n<\/span><\/h4>\n<p style=\"text-align: justify;\"><strong>\u00a0<\/strong><\/p>\n<p style=\"text-align: justify;\">L\u2019empire germanique est n\u00e9 en 962 avec le couronnement imp\u00e9rial d\u2019Otton 1<sup>er<\/sup>. Si il se revendique comme l\u2019h\u00e9ritier de l\u2019Empire carolingien qui avait \u00e9clat\u00e9 en 843 \u00e0 la suite du Trait\u00e9 de Verdun, il est recentr\u00e9 sur le monde germanique. Apr\u00e8s la brillante dynastie ottonienne, il s\u2019affaiblit au XIe si\u00e8cle face au pouvoir \u00e9mergeant du pape et l\u2019humiliation d\u2019Henri IV \u00e0 Canossa (1077). A La suite de la dynastie franconienne, les Hohenstaufen restaurent le prestige imp\u00e9rial, non sans difficult\u00e9s. Deux personnalit\u00e9s fascinantes, Fr\u00e9d\u00e9ric Ier Barberousse et Fr\u00e9d\u00e9ric II, \u00ab\u00a0<em>stupor mundi<\/em>\u00a0\u00bb, sont des figures mythiques de l\u2019histoire allemande.<\/p>\n<p style=\"text-align: justify;\">L\u2019art s\u2019inscrit dans la continuit\u00e9 des r\u00e9alisations carolingiennes, en particulier l\u2019architecture, v\u00e9ritable manifeste politique, alors que les arts pr\u00e9cieux sont marqu\u00e9s par un apport byzantin. A partir du XIIe si\u00e8cle il int\u00e8gre peu \u00e0 peu de nouveaux apports romans puis gothiques. Le c\u00e9l\u00e8bre et myst\u00e9rieux ch\u00e2teau de Fr\u00e9d\u00e9ric II \u00e0 Castel del Monte exprime la culture et l\u2019originalit\u00e9 du grand souverain.<\/p>\n<p style=\"text-align: justify;\"><span style=\"color: #ffffff;\">_______________________________________________________<\/span><\/p>\n<h5><a href=\"http:\/\/artsetculture.fr\/index.php\/event\/naissance-de-lempire-romain-germanique-1\/\">26 novembre\u00a02020<\/a> \u00a0\u00a0\u00a0\u00a0\u00a0 <em>Les fastes de l&rsquo;Empire Ottonien<br \/>\n<\/em><\/h5>\n<p style=\"text-align: justify;\">Apr\u00e8s la d\u00e9sagr\u00e9gation de l&#8217;empire carolingien, une nouvelle dyna<img loading=\"lazy\" decoding=\"async\" class=\"alignleft wp-image-10730\" src=\"http:\/\/artsetculture.fr\/wp-content\/uploads\/2020\/08\/1-Couronne-du-Saint-Empire-dorigine-Ottonienne-C2.jpg\" alt=\"1 Couronne du Saint-Empire, d'origine Ottonienne - C2\" width=\"211\" height=\"172\" \/>stie a refond\u00e9 un empire germanique au Xe si\u00e8cle. L\u2019accession au tr\u00f4ne royal de la dynastie de Saxe en 936 avec Henri Ier marque la restauration du pouvoir. Son fils, Otton Ier, reprend le titre imp\u00e9rial en 962, devenant le plus puissant souverain d\u2019Occident. Il est \u00e0 l\u2019origine d\u2019un empire d\u00e9sormais seulement allemand, le \u00ab\u00a0Reich der Deutschen\u00a0\u00bb, \u00e0 la diff\u00e9rence de l\u2019Empire de Charlemagne. Durant cette p\u00e9riode, l\u2019art ottonien s\u2019inscrit dans la tradition carolingienne dont il revendique l\u2019h\u00e9ritage \u00e0 un m<img loading=\"lazy\" decoding=\"async\" class=\"alignright wp-image-10731\" src=\"http:\/\/artsetculture.fr\/wp-content\/uploads\/2020\/08\/2-Couronnement-dOtton-II-et-Th\u00e9ophano-en-972-Copie-175x300.jpg\" alt=\"2 Couronnement d'Otton II et Th\u00e9ophano en 972 - Copie\" width=\"133\" height=\"227\" srcset=\"http:\/\/artsetculture.fr\/wp-content\/uploads\/2020\/08\/2-Couronnement-dOtton-II-et-Th\u00e9ophano-en-972-Copie-175x300.jpg 175w, http:\/\/artsetculture.fr\/wp-content\/uploads\/2020\/08\/2-Couronnement-dOtton-II-et-Th\u00e9ophano-en-972-Copie-768x1315.jpg 768w, http:\/\/artsetculture.fr\/wp-content\/uploads\/2020\/08\/2-Couronnement-dOtton-II-et-Th\u00e9ophano-en-972-Copie-598x1024.jpg 598w, http:\/\/artsetculture.fr\/wp-content\/uploads\/2020\/08\/2-Couronnement-dOtton-II-et-Th\u00e9ophano-en-972-Copie.jpg 1088w\" sizes=\"auto, (max-width: 133px) 100vw, 133px\" \/>oment o\u00f9 s\u2019\u00e9laborent les premi\u00e8res innovations romanes. L\u2019orf\u00e8vrerie, les \u00e9maux et les ivoires ottoniens d\u00e9veloppent\u00a0 les liens avec l\u2019art byzantin, la femme d\u2019Otton II et m\u00e8re d\u2019Otton III, l\u2019imp\u00e9ratrice Th\u00e9ophano, appartenant \u00e0 la famille imp\u00e9riale de Constantinople. Mais le pouvoir de la dynastie s\u2019effondre avec la mort \u00e0 22 ans d\u2019Otton III, qui avait r\u00eav\u00e9 d\u2019un empire universel, puis celle d\u2019Henri\u00a0 II en 1024.<\/p>\n<p>&nbsp;<\/p>\n<h5 style=\"text-align: justify;\"><strong>\u00a0<\/strong><span style=\"color: #000000;\"><strong><a href=\"http:\/\/artsetculture.fr\/index.php\/event\/naissance-de-lempire-romain-germanique-2\/\"> 3 d\u00e9cembre 2020<\/a> \u00a0\u00a0\u00a0\u00a0\u00a0\u00a0 <em>Conflits avec le Pape<br \/>\n<\/em><\/strong><\/span><\/h5>\n<p style=\"text-align: justify;\">Nous connaissons tous l\u2019expression \u00ab\u00a0aller \u00e0 Canossa\u00a0\u00bb. C\u2019est un <img loading=\"lazy\" decoding=\"async\" class=\"wp-image-10734 alignleft\" src=\"http:\/\/artsetculture.fr\/wp-content\/uploads\/2020\/08\/3-P\u00e9nitence-de-Canossa-Copie-249x300.jpg\" alt=\"3 P\u00e9nitence de Canossa - Copie\" width=\"176\" height=\"212\" srcset=\"http:\/\/artsetculture.fr\/wp-content\/uploads\/2020\/08\/3-P\u00e9nitence-de-Canossa-Copie-249x300.jpg 249w, http:\/\/artsetculture.fr\/wp-content\/uploads\/2020\/08\/3-P\u00e9nitence-de-Canossa-Copie-768x924.jpg 768w, http:\/\/artsetculture.fr\/wp-content\/uploads\/2020\/08\/3-P\u00e9nitence-de-Canossa-Copie-851x1024.jpg 851w, http:\/\/artsetculture.fr\/wp-content\/uploads\/2020\/08\/3-P\u00e9nitence-de-Canossa-Copie.jpg 900w\" sizes=\"auto, (max-width: 176px) 100vw, 176px\" \/>\u00e9pisode embl\u00e9matique de la lutte qui opposait le pape et l\u2019empereur au XIe si\u00e8cle. Une nouvelle dynastie franconienne (ou salienne) avait pris le pouvoir avec Conrad II en 1024. Son successeur, Henri III, particuli\u00e8rement pieux, avait soutenu la r\u00e9forme de l\u2019Eglise. En 1056, son fils Henri IV acc\u00e8de au pouvoir, au moment o\u00f9 le pape pr\u00e9tend \u00e0 une autorit\u00e9 totale sur l\u2019Eglise. Gr\u00e9goire VII, \u00e9lu pape en 1073, s\u2019oppose frontalement \u00e0 Henri IV, en particulier dans la \u00ab\u00a0Querelle des \u00a0investitures\u00a0\u00bb des pr\u00e9lats, laissant son nom \u00e0 la \u00ab\u00a0R\u00e9forme Gr\u00e9gorienne\u00a0\u00bb. La puissance imp\u00e9riale s\u2019\u00e9rode, l\u2019empereur doit faire p\u00e9nitence devant le pape \u00e0 Canossa (1077). L\u2019empire tente <img loading=\"lazy\" decoding=\"async\" class=\"alignright wp-image-10735\" src=\"http:\/\/artsetculture.fr\/wp-content\/uploads\/2020\/08\/4-Cath\u00e9drale-de-Spire-C1.jpg\" alt=\"4 Cath\u00e9drale de Spire -C1\" width=\"235\" height=\"177\" \/>cependant de s\u2019inscrire dans la continuit\u00e9 carolingienne, comme l\u2019art en t\u00e9moigne, en particulier l\u2019architecture. La cath\u00e9drale de Spire en constitue un monument embl\u00e9matique, faisant r\u00e9f\u00e9rence \u00e0 Aix-La-Chapelle.<\/p>\n<p>&nbsp;<\/p>\n<h5><span style=\"color: #000000;\"><strong><a href=\"http:\/\/artsetculture.fr\/index.php\/event\/naissance-de-lempire-romain-germanique-3\/\">10 d\u00e9cembre 2020<\/a> \u00a0\u00a0\u00a0\u00a0 <em>Fr\u00e9d\u00e9ric 1er Barberousse<br \/>\n<\/em><\/strong><\/span><\/h5>\n<p style=\"text-align: justify;\">A la mort du dernier empereur Franconien, Henri V, en 1125, une <img loading=\"lazy\" decoding=\"async\" class=\"wp-image-10737 alignleft\" src=\"http:\/\/artsetculture.fr\/wp-content\/uploads\/2020\/08\/5-Fr\u00e9d\u00e9ric-Ier-Barberousse-entour\u00e9-de-ses-deux-fils-Copie-195x300.jpg\" alt=\"5 Fr\u00e9d\u00e9ric Ier Barberousse entour\u00e9 de ses deux fils - Copie\" width=\"130\" height=\"200\" srcset=\"http:\/\/artsetculture.fr\/wp-content\/uploads\/2020\/08\/5-Fr\u00e9d\u00e9ric-Ier-Barberousse-entour\u00e9-de-ses-deux-fils-Copie-195x300.jpg 195w, http:\/\/artsetculture.fr\/wp-content\/uploads\/2020\/08\/5-Fr\u00e9d\u00e9ric-Ier-Barberousse-entour\u00e9-de-ses-deux-fils-Copie-768x1183.jpg 768w, http:\/\/artsetculture.fr\/wp-content\/uploads\/2020\/08\/5-Fr\u00e9d\u00e9ric-Ier-Barberousse-entour\u00e9-de-ses-deux-fils-Copie-665x1024.jpg 665w, http:\/\/artsetculture.fr\/wp-content\/uploads\/2020\/08\/5-Fr\u00e9d\u00e9ric-Ier-Barberousse-entour\u00e9-de-ses-deux-fils-Copie.jpg 1000w\" sizes=\"auto, (max-width: 130px) 100vw, 130px\" \/>nouvelle dynastie, Hohenstaufen, prend le pouvoir avec Conrad III. Son neveu Fr\u00e9d\u00e9ric Ier Barberousse, d\u2019une forte personnalit\u00e9, acc\u00e8de au tr\u00f4ne de Germanie en 1152. Couronn\u00e9 empereur en 1155, il m\u00e8ne une politique tr\u00e8s active en Italie du Nord et s\u2019oppose au pape, en relevant l\u2019honneur de l\u2019Empire, cherchant l\u2019\u00e9quilibre des deux pouvoirs, temporels et spirituels (th\u00e9orie des deux glaives), tout en aspirant \u00e0 une domination sur<img loading=\"lazy\" decoding=\"async\" class=\"alignright wp-image-10738\" src=\"http:\/\/artsetculture.fr\/wp-content\/uploads\/2020\/08\/6-Buste-en-bronze-dor\u00e9-de-Fr\u00e9d\u00e9ric-Barberousse-vers-1160-Copie-183x300.jpg\" alt=\"6 Buste en bronze dor\u00e9 de Fr\u00e9d\u00e9ric Barberousse, vers 1160 - Copie\" width=\"126\" height=\"206\" \/> tout le monde chr\u00e9tien. Il fait d\u2019ailleurs canoniser en 1165 Charlemagne, dont il reprend la conception de la fonction imp\u00e9riale. En \u00e9pousant Constance, l\u2019h\u00e9riti\u00e8re des rois normands de Sicile, avec son fils le futur Henri VI, il cr\u00e9\u00e9e un rassemblement territorial consid\u00e9rable, v\u00e9ritable menace pour le pape. \u00a0Fr\u00e9d\u00e9ric Barberousse est devenu un personnage mythique pour l\u2019histoire allemande, arch\u00e9type du souverain germanique c\u00e9l\u00e9br\u00e9 dans les arts.<\/p>\n<p style=\"text-align: justify;\"><span style=\"color: #ffffff;\">________________________________________________________<\/span><\/p>\n<h5><span style=\"color: #000000;\"><strong><a href=\"http:\/\/artsetculture.fr\/index.php\/event\/empire_romain-germanique-4\/\">17 d\u00e9cembre 2021<\/a> \u00a0\u00a0\u00a0\u00a0 <em>Fr\u00e9d\u00e9ric II, \u00ab\u00a0Stupor Mundi\u00a0\u00bb<br \/>\n<\/em><\/strong><\/span><\/h5>\n<p style=\"text-align: justify;\">Fr\u00e9d\u00e9ric II est un souverain fascinant, d\u00e9j\u00e0 surnomm\u00e9 de son vivant <em>Stupor mundi<\/em> (la \u00ab\u00a0Stupeur du monde\u00a0\u00bb) et \u00ab\u00a0prodigieux <img loading=\"lazy\" decoding=\"async\" class=\"wp-image-10744 alignleft\" src=\"http:\/\/artsetculture.fr\/wp-content\/uploads\/2020\/08\/7-Fr\u00e9d\u00e9ric-II-et-son-faucon-repr\u00e9sent\u00e9s-dans-son-livre-Copie-217x300.jpg\" alt=\"7 Fr\u00e9d\u00e9ric II et son faucon repr\u00e9sent\u00e9s dans son livre - Copie\" width=\"145\" height=\"200\" srcset=\"http:\/\/artsetculture.fr\/wp-content\/uploads\/2020\/08\/7-Fr\u00e9d\u00e9ric-II-et-son-faucon-repr\u00e9sent\u00e9s-dans-son-livre-Copie-217x300.jpg 217w, http:\/\/artsetculture.fr\/wp-content\/uploads\/2020\/08\/7-Fr\u00e9d\u00e9ric-II-et-son-faucon-repr\u00e9sent\u00e9s-dans-son-livre-Copie.jpg 593w\" sizes=\"auto, (max-width: 145px) 100vw, 145px\" \/>transformateur des choses\u00a0\u00bb. M\u00eame sa naissance le 26 d\u00e9cembre 1194 est extraordinaire. Orphelin tr\u00e8s jeune, h\u00e9ritier du sud de l\u2019Italie par sa m\u00e8re Constance, il eut du mal \u00e0 r\u00e9cup\u00e9rer la couronne germanique tenue par son p\u00e8re Henri VI puis son oncle Fr\u00e9d\u00e9ric IV, prise ensuite par Otton IV de Brunswick. Ce dernier fut chass\u00e9 par Philippe Auguste, alli\u00e9 des Hohenstaufen (Bouvines, 1214). C\u2019est l\u2019origine des Guelfes et Gibelins. D\u2019une remarquable culture, \u00e9clectique, attach\u00e9e \u00e0 l\u2019Orient, il fait preuve d\u2019une large ouverture d\u2019esprit et entre en conflit violent avec le pape. M\u00e9c\u00e8ne, il fait r\u00e9aliser des imitations de l\u2019Antiquit\u00e9 romaine dont il revendique l\u2019h\u00e9ritage<img loading=\"lazy\" decoding=\"async\" class=\"alignright wp-image-10745\" src=\"http:\/\/artsetculture.fr\/wp-content\/uploads\/2020\/08\/8-Ch\u00e2teau-de-Castel-del-Monte-dans-les-Pouilles-RWEB-300x225.jpg\" alt=\"8 Ch\u00e2teau de Castel del Monte dans les Pouilles - RWEB\" width=\"232\" height=\"174\" srcset=\"http:\/\/artsetculture.fr\/wp-content\/uploads\/2020\/08\/8-Ch\u00e2teau-de-Castel-del-Monte-dans-les-Pouilles-RWEB-300x225.jpg 300w, http:\/\/artsetculture.fr\/wp-content\/uploads\/2020\/08\/8-Ch\u00e2teau-de-Castel-del-Monte-dans-les-Pouilles-RWEB.jpg 448w\" sizes=\"auto, (max-width: 232px) 100vw, 232px\" \/> politique et fait b\u00e2tir des ch\u00e2teaux dans le sud de l\u2019Italie, dont Castel del Monte, le plus c\u00e9l\u00e8bre et le plus \u00e9nigmatique. Apr\u00e8s sa mort en 1250, ses h\u00e9ritiers sont \u00e9limin\u00e9s durant une p\u00e9riode de troubles (le Grand Interr\u00e8gne) qui conduira \u00e0 l\u2019\u00e9lection de Rodolphe 1er de Habsbourg en 1273.<\/p>\n<p>&nbsp;<\/p>\n","protected":false},"excerpt":{"rendered":"<p>Conf\u00e9rences 2020-2021\u00a0 &#8211;\u00a0 Thierry Soulard \u00a0 L\u2019empire germanique est n\u00e9 en 962 avec le couronnement imp\u00e9rial d\u2019Otton 1er. Si il se revendique comme l\u2019h\u00e9ritier de l\u2019Empire carolingien qui avait \u00e9clat\u00e9 en 843 \u00e0 la suite du Trait\u00e9 de Verdun, il est recentr\u00e9 sur le monde germanique. Apr\u00e8s la brillante dynastie ottonienne, il s\u2019affaiblit au XIe &hellip; <a href=\"http:\/\/artsetculture.fr\/index.php\/2020\/08\/02\/naissance-de-lempire-romain-germanique\/\" class=\"more-link\">Continuer la lecture de <span class=\"screen-reader-text\">Naissance de l&rsquo;Empire romain germanique<\/span>  <span class=\"meta-nav\">&rarr;<\/span><\/a><\/p>\n","protected":false},"author":8,"featured_media":0,"comment_status":"closed","ping_status":"closed","sticky":false,"template":"","format":"standard","meta":{"footnotes":""},"categories":[10],"tags":[78],"class_list":["post-10742","post","type-post","status-publish","format-standard","hentry","category-conferences","tag-dom"],"_links":{"self":[{"href":"http:\/\/artsetculture.fr\/index.php\/wp-json\/wp\/v2\/posts\/10742","targetHints":{"allow":["GET"]}}],"collection":[{"href":"http:\/\/artsetculture.fr\/index.php\/wp-json\/wp\/v2\/posts"}],"about":[{"href":"http:\/\/artsetculture.fr\/index.php\/wp-json\/wp\/v2\/types\/post"}],"author":[{"embeddable":true,"href":"http:\/\/artsetculture.fr\/index.php\/wp-json\/wp\/v2\/users\/8"}],"replies":[{"embeddable":true,"href":"http:\/\/artsetculture.fr\/index.php\/wp-json\/wp\/v2\/comments?post=10742"}],"version-history":[{"count":8,"href":"http:\/\/artsetculture.fr\/index.php\/wp-json\/wp\/v2\/posts\/10742\/revisions"}],"predecessor-version":[{"id":10962,"href":"http:\/\/artsetculture.fr\/index.php\/wp-json\/wp\/v2\/posts\/10742\/revisions\/10962"}],"wp:attachment":[{"href":"http:\/\/artsetculture.fr\/index.php\/wp-json\/wp\/v2\/media?parent=10742"}],"wp:term":[{"taxonomy":"category","embeddable":true,"href":"http:\/\/artsetculture.fr\/index.php\/wp-json\/wp\/v2\/categories?post=10742"},{"taxonomy":"post_tag","embeddable":true,"href":"http:\/\/artsetculture.fr\/index.php\/wp-json\/wp\/v2\/tags?post=10742"}],"curies":[{"name":"wp","href":"https:\/\/api.w.org\/{rel}","templated":true}]}}