{"id":10624,"date":"2020-07-29T15:44:44","date_gmt":"2020-07-29T14:44:44","guid":{"rendered":"http:\/\/artsetculture.fr\/?p=10624"},"modified":"2020-10-12T18:01:49","modified_gmt":"2020-10-12T17:01:49","slug":"vienne-art-nouveau","status":"publish","type":"post","link":"http:\/\/artsetculture.fr\/index.php\/2020\/07\/29\/vienne-art-nouveau\/","title":{"rendered":"Vienne &#8211; Art nouveau"},"content":{"rendered":"<h4><strong>Conf\u00e9rences 2020-2021<\/strong>\u00a0 \u00a0 \u00a0 \u00a0 \u00a0 \u00a0 \u00a0\u00a0 <span style=\"color: #0000ff;\"><strong>Catherine Coudert \u00a0 \u00a0<\/strong><\/span><\/h4>\n<p><strong>\u00a0 \u00a0 \u00a0 \u00a0 \u00a0 \u00a0 \u00a0 \u00a0 \u00a0 \u00a0 \u00a0 \u00a0 \u00a0 \u00a0 \u00a0 \u00a0 \u00a0 \u00a0 \u00a0 \u00a0 \u00a0 \u00a0 \u00a0 \u00a0 \u00a0 \u00a0 \u00a0 \u00a0 \u00a0 \u00a0 \u00a0 \u00a0 \u00a0 \u00a0 \u00a0 \u00a0 \u00a0 \u00a0 \u00a0 \u00a0 \u00a0 \u00a0 \u00a0 \u00a0 \u00a0 \u00a0 \u00a0 \u00a0 \u00a0 \u00a0 \u00a0 \u00a0 \u00a0 \u00a0 \u00a0 \u00a0 \u00a0 \u00a0 \u00a0 \u00a0 \u00a0 \u00a0 \u00a0 \u00a0 \u00a0 \u00a0 \u00a0 \u00a0 \u00a0 \u00a0 \u00a0 \u00a0 \u00a0 \u00a0 \u00a0 \u00a0 \u00a0<a href=\"http:\/\/artsetculture.fr\/index.php\/event\/vienne-art-nouveau-1\/\">10 Septembre 2020<\/a><\/strong> \u00a0\u00a0\u00a0\u00a0\u00a0\u00a0\u00a0\u00a0\u00a0\u00a0\u00a0\u00a0\u00a0\u00a0\u00a0\u00a0\u00a0\u00a0\u00a0\u00a0\u00a0\u00a0\u00a0\u00a0<strong> Otto Wagner<em><br \/>\n<\/em><\/strong><\/p>\n<p style=\"text-align: justify;\"><img loading=\"lazy\" decoding=\"async\" class=\"alignleft wp-image-10625\" src=\"http:\/\/artsetculture.fr\/wp-content\/uploads\/2020\/07\/Otto_Wagner_Kirche_-_Am_Steinhof_IMG_3763_Lr-WEB-300x200.jpg\" alt=\"Otto_Wagner_Kirche_-_Am_Steinhof_IMG_3763_Lr-WEB\" width=\"240\" height=\"160\" srcset=\"http:\/\/artsetculture.fr\/wp-content\/uploads\/2020\/07\/Otto_Wagner_Kirche_-_Am_Steinhof_IMG_3763_Lr-WEB-300x200.jpg 300w, http:\/\/artsetculture.fr\/wp-content\/uploads\/2020\/07\/Otto_Wagner_Kirche_-_Am_Steinhof_IMG_3763_Lr-WEB.jpg 448w\" sizes=\"auto, (max-width: 240px) 100vw, 240px\" \/><b>Otto Wagner <\/b>(1840-1918), consid\u00e9r\u00e9 comme le maitre de l\u2019Art Nouveau autrichien, a durablement fa\u00e7onn\u00e9 la ville de Vienne, construisant des infrastructures du m\u00e9tro aussi bien que des immeubles d\u2019habitations ou le b\u00e2timent c\u00e9l\u00e9brissime de la Caisse d\u2019Epargne (1905). Professeur \u00e0 l\u2019Ecole des Beaux arts, il a aussi form\u00e9 une g\u00e9n\u00e9ration d\u2019architectes qui diffuseront largement ses id\u00e9es en Europe Centrale.<\/p>\n<p style=\"text-align: justify;\"><span style=\"color: #ffffff;\">\u00a0________________________________________________________________<\/span><\/p>\n<p style=\"text-align: justify;\"><a href=\"http:\/\/artsetculture.fr\/index.php\/event\/vienne-art-nouveau-2\/\"><strong>17 Septembre 2020<\/strong><\/a> \u00a0\u00a0\u00a0\u00a0\u00a0\u00a0\u00a0 <strong><em>les Ateliers viennois<\/em><\/strong><strong><em><br \/>\n<\/em><\/strong><\/p>\n<p style=\"text-align: justify;\"><img loading=\"lazy\" decoding=\"async\" class=\"alignleft wp-image-10626\" src=\"http:\/\/artsetculture.fr\/wp-content\/uploads\/2020\/07\/Majolikahaus-200506-Otto-Wagner-CAWEB-300x169.jpg\" alt=\"Majolikahaus-200506 Otto Wagner - CAWEB\" width=\"240\" height=\"135\" srcset=\"http:\/\/artsetculture.fr\/wp-content\/uploads\/2020\/07\/Majolikahaus-200506-Otto-Wagner-CAWEB-300x169.jpg 300w, http:\/\/artsetculture.fr\/wp-content\/uploads\/2020\/07\/Majolikahaus-200506-Otto-Wagner-CAWEB.jpg 448w\" sizes=\"auto, (max-width: 240px) 100vw, 240px\" \/>Cr\u00e9\u00e9s en 1903 par Josef Hoffmann, un ancien \u00e9l\u00e8ve de Wagner, et Koloman Moser , les Ateliers Viennois (Wiener Werst\u00e4tte) vont , malgr\u00e9 leur br\u00e8ve existence, renouveler compl\u00e8tement les m\u00e9tiers d&rsquo;art et les arts d\u00e9coratifs. Des tissus, des bijoux, des meubles, l&rsquo;art <img loading=\"lazy\" decoding=\"async\" class=\"alignright wp-image-10627\" src=\"http:\/\/artsetculture.fr\/wp-content\/uploads\/2020\/07\/Ateliers-viennois-200506-300x250.jpeg\" alt=\"Ateliers viennois-200506\" width=\"180\" height=\"150\" srcset=\"http:\/\/artsetculture.fr\/wp-content\/uploads\/2020\/07\/Ateliers-viennois-200506-300x250.jpeg 300w, http:\/\/artsetculture.fr\/wp-content\/uploads\/2020\/07\/Ateliers-viennois-200506.jpeg 719w\" sizes=\"auto, (max-width: 180px) 100vw, 180px\" \/>de la table&#8230; aucun domaine ne leur est \u00e9tranger. Le sanatorium de Pukersdorf (Autriche) ou le Palais Stoclet \u00e0 Bruxelles sont un exemple d&rsquo;art total contr\u00f4l\u00e9 par les Ateliers Viennois dans les moindres d\u00e9tails.<\/p>\n<p style=\"text-align: justify;\"><span style=\"color: #ffffff;\">_______________________________________<\/span><\/p>\n<h5><span style=\"color: #993300;\"><strong>Bibliographie Otto Wagner et Ateliers Viennois\u00a0 \u00a0\u00a0<span style=\"color: #ffffff;\">_______________________________________________________<\/span><\/strong><\/span><\/h5>\n<ul>\n<li style=\"text-align: justify;\"><em>Vienne 1880-1938. l&rsquo;Apocalypse joyeuse<\/em>\u00a0sous la direction de Jean Clair, catalogue de la mythique exposition de Beaubourg en 1986<\/li>\n<li style=\"text-align: justify;\">Catalogue de l\u2019exposition de la Cit\u00e9 de l\u2019architecture (2019)\u00a0:\u00a0<em>Otto Wagner. Ma\u00eetre de l&rsquo;Art nouveau viennois\u00a0<\/em><\/li>\n<li style=\"text-align: justify;\">Carl E. Schorske\u00a0<em>, De Vienne et d&rsquo;ailleurs. Figures culturelles de la modernit\u00e9\u00a0<\/em>, Fayard, 2000<\/li>\n<li style=\"text-align: justify;\">Josef Hoffmann und die Wiener Werkst\u00e4tte, ed Waleter Zednick<\/li>\n<li style=\"text-align: justify;\">S\u00e9rie sur l\u2019architecture Arte\/film d\u2019ici \/Mus\u00e9e d\u2019Orsay 1998<\/li>\n<li style=\"text-align: justify;\">Caisse d\u2019\u00e9pargne, Otto Wagner<\/li>\n<\/ul>\n","protected":false},"excerpt":{"rendered":"<p>Conf\u00e9rences 2020-2021\u00a0 \u00a0 \u00a0 \u00a0 \u00a0 \u00a0 \u00a0\u00a0 Catherine Coudert \u00a0 \u00a0 \u00a0 \u00a0 \u00a0 \u00a0 \u00a0 \u00a0 \u00a0 \u00a0 \u00a0 \u00a0 \u00a0 \u00a0 \u00a0 \u00a0 \u00a0 \u00a0 \u00a0 \u00a0 \u00a0 \u00a0 \u00a0 \u00a0 \u00a0 \u00a0 \u00a0 \u00a0 \u00a0 \u00a0 \u00a0 \u00a0 \u00a0 \u00a0 \u00a0 \u00a0 \u00a0 \u00a0 \u00a0 \u00a0 \u00a0 \u00a0 \u00a0 \u00a0 \u00a0 &hellip; <a href=\"http:\/\/artsetculture.fr\/index.php\/2020\/07\/29\/vienne-art-nouveau\/\" class=\"more-link\">Continuer la lecture de <span class=\"screen-reader-text\">Vienne &#8211; Art nouveau<\/span>  <span class=\"meta-nav\">&rarr;<\/span><\/a><\/p>\n","protected":false},"author":8,"featured_media":0,"comment_status":"closed","ping_status":"closed","sticky":false,"template":"","format":"standard","meta":{"footnotes":""},"categories":[10],"tags":[],"class_list":["post-10624","post","type-post","status-publish","format-standard","hentry","category-conferences"],"_links":{"self":[{"href":"http:\/\/artsetculture.fr\/index.php\/wp-json\/wp\/v2\/posts\/10624","targetHints":{"allow":["GET"]}}],"collection":[{"href":"http:\/\/artsetculture.fr\/index.php\/wp-json\/wp\/v2\/posts"}],"about":[{"href":"http:\/\/artsetculture.fr\/index.php\/wp-json\/wp\/v2\/types\/post"}],"author":[{"embeddable":true,"href":"http:\/\/artsetculture.fr\/index.php\/wp-json\/wp\/v2\/users\/8"}],"replies":[{"embeddable":true,"href":"http:\/\/artsetculture.fr\/index.php\/wp-json\/wp\/v2\/comments?post=10624"}],"version-history":[{"count":7,"href":"http:\/\/artsetculture.fr\/index.php\/wp-json\/wp\/v2\/posts\/10624\/revisions"}],"predecessor-version":[{"id":11291,"href":"http:\/\/artsetculture.fr\/index.php\/wp-json\/wp\/v2\/posts\/10624\/revisions\/11291"}],"wp:attachment":[{"href":"http:\/\/artsetculture.fr\/index.php\/wp-json\/wp\/v2\/media?parent=10624"}],"wp:term":[{"taxonomy":"category","embeddable":true,"href":"http:\/\/artsetculture.fr\/index.php\/wp-json\/wp\/v2\/categories?post=10624"},{"taxonomy":"post_tag","embeddable":true,"href":"http:\/\/artsetculture.fr\/index.php\/wp-json\/wp\/v2\/tags?post=10624"}],"curies":[{"name":"wp","href":"https:\/\/api.w.org\/{rel}","templated":true}]}}